{"id":38616,"date":"2018-08-17T19:14:37","date_gmt":"2018-08-17T22:14:37","guid":{"rendered":"https:\/\/eldiariodesanpedro.com.ar\/sitio\/?p=38616"},"modified":"2018-08-17T19:16:07","modified_gmt":"2018-08-17T22:16:07","slug":"delincuentes-robaron-los-juguetes-para-el-dia-del-nino-del-comedor-comunitario-del-2-de-abril","status":"publish","type":"post","link":"https:\/\/eldiariodesanpedro.com.ar\/sitio\/delincuentes-robaron-los-juguetes-para-el-dia-del-nino-del-comedor-comunitario-del-2-de-abril\/","title":{"rendered":"Delincuentes  robaron los juguetes para el d\u00eda del ni\u00f1o del Comedor Comunitario del 2 de Abril"},"content":{"rendered":"<p><!-- VideographyWP Plugin Message: Automatic video embedding prevented by plugin options. --><br \/>\nEn la ma\u00f1ana del viernes, Adriana y Diego, fundadores del Comedor Comunitario Fe y Esperanza por los ni\u00f1os del barrio 2 de Abril, ubicado en Facundo Quiroga 1145, se encontraron con una sorpresa muy triste, delincuentes hab\u00edan ingresado violentando la puerta del lugar y se llevaron ademas de un poco de mercader\u00eda, todos los juguetes que ten\u00edan preparados para regalarle a los chicos este dia del ni\u00f1o.<\/p>\n<p>Este medio dialogo con ellos en una entrevista y nos decian que \u00abrealizamos una campa\u00f1a via face, hace dos meses, para conseguir donaciones de juguetes para regalarle a los chicos; nos levantamos esta ma\u00f1ana y cuando llegamos la puerta de frente estaba metida toda para adentro, nos llevaron todos los juguetes, algo de mercaderia y y golosinas\u00bb.<\/p>\n<p>\u00abEstamos cansados en el barrio, aca en la esquina a una se\u00f1ora le robaron como cincuenta veces y ahora se la agarraron con el comedor, no son de aca los delincuentes, siempre los vemos, ayer quisieron robarle el celular a un chico y nosotros lo corrimos y ahora se la agarro con nosotros!\u00bb contaba Diego y agrego, \u00abyo fui vago, tuve mis cosas, pero antes se pagaba, ahora no, entran y salen\u00bb.<\/p>\n<p>El comedor funciona hace cuatro a\u00f1os y le dan de comer a 45 chicos, ademas tienen actividades una vez por semana, viene una profesora de plastica; \u00abtenemos mucha ayuda de este gobierno y de comerciantes como Pastas Hugo que tienen un grupo solidario, ademas de los vecinos\u00bb.<\/p>\n<p>Al finalizar la entrevista, mas tarde Adriana nos informo que le hab\u00edan donado una garrafa que faltaba , juguetes y mercader\u00eda; el d\u00eda del ni\u00f1o lo realizaran con \u00e9xito en el lugar con muchos juegos y regalos para los chicos.<\/p>\n<div data-carousel-extra='{&quot;blog_id&quot;:1,&quot;permalink&quot;:&quot;https:\/\/eldiariodesanpedro.com.ar\/sitio\/delincuentes-robaron-los-juguetes-para-el-dia-del-nino-del-comedor-comunitario-del-2-de-abril\/&quot;}' id='gallery-1' class='gallery galleryid-38616 gallery-columns-3 gallery-size-large'><figure class='gallery-item'>\n\t\t\t<div class='gallery-icon landscape'>\n\t\t\t\t<a href='https:\/\/eldiariodesanpedro.com.ar\/sitio\/wp-content\/uploads\/2018\/08\/WhatsApp-Image-2018-08-17-at-10.57.31-1.jpeg'><img decoding=\"async\" width=\"640\" height=\"384\" data-src=\"https:\/\/eldiariodesanpedro.com.ar\/sitio\/wp-content\/uploads\/2018\/08\/WhatsApp-Image-2018-08-17-at-10.57.31-1-1024x614.jpeg\" class=\"attachment-large size-large lazyload\" alt=\"El Diario de San Pedro | Noticias locales y regionales\" data-srcset=\"https:\/\/eldiariodesanpedro.com.ar\/sitio\/wp-content\/uploads\/2018\/08\/WhatsApp-Image-2018-08-17-at-10.57.31-1-1024x614.jpeg 1024w, https:\/\/eldiariodesanpedro.com.ar\/sitio\/wp-content\/uploads\/2018\/08\/WhatsApp-Image-2018-08-17-at-10.57.31-1-300x180.jpeg 300w, https:\/\/eldiariodesanpedro.com.ar\/sitio\/wp-content\/uploads\/2018\/08\/WhatsApp-Image-2018-08-17-at-10.57.31-1-768x461.jpeg 768w, https:\/\/eldiariodesanpedro.com.ar\/sitio\/wp-content\/uploads\/2018\/08\/WhatsApp-Image-2018-08-17-at-10.57.31-1.jpeg 1280w\" data-sizes=\"(max-width: 640px) 100vw, 640px\" data-attachment-id=\"38624\" data-permalink=\"https:\/\/eldiariodesanpedro.com.ar\/sitio\/delincuentes-robaron-los-juguetes-para-el-dia-del-nino-del-comedor-comunitario-del-2-de-abril\/whatsapp-image-2018-08-17-at-10-57-31-1\/\" data-orig-file=\"https:\/\/eldiariodesanpedro.com.ar\/sitio\/wp-content\/uploads\/2018\/08\/WhatsApp-Image-2018-08-17-at-10.57.31-1.jpeg\" data-orig-size=\"1280,768\" data-comments-opened=\"1\" data-image-meta=\"{&quot;aperture&quot;:&quot;0&quot;,&quot;credit&quot;:&quot;&quot;,&quot;camera&quot;:&quot;&quot;,&quot;caption&quot;:&quot;&quot;,&quot;created_timestamp&quot;:&quot;0&quot;,&quot;copyright&quot;:&quot;&quot;,&quot;focal_length&quot;:&quot;0&quot;,&quot;iso&quot;:&quot;0&quot;,&quot;shutter_speed&quot;:&quot;0&quot;,&quot;title&quot;:&quot;&quot;,&quot;orientation&quot;:&quot;0&quot;}\" data-image-title=\"WhatsApp Image 2018-08-17 at 10.57.31 (1)\" data-image-description=\"\" data-image-caption=\"\" data-large-file=\"https:\/\/eldiariodesanpedro.com.ar\/sitio\/wp-content\/uploads\/2018\/08\/WhatsApp-Image-2018-08-17-at-10.57.31-1-1024x614.jpeg\" src=\"data:image\/svg+xml;base64,PHN2ZyB3aWR0aD0iMSIgaGVpZ2h0PSIxIiB4bWxucz0iaHR0cDovL3d3dy53My5vcmcvMjAwMC9zdmciPjwvc3ZnPg==\" style=\"--smush-placeholder-width: 640px; --smush-placeholder-aspect-ratio: 640\/384;\" \/><\/a>\n\t\t\t<\/div><\/figure><figure class='gallery-item'>\n\t\t\t<div class='gallery-icon portrait'>\n\t\t\t\t<a href='https:\/\/eldiariodesanpedro.com.ar\/sitio\/wp-content\/uploads\/2018\/08\/39105896_2228118454084505_2583398785317076992_n.jpg'><img decoding=\"async\" width=\"640\" height=\"853\" data-src=\"https:\/\/eldiariodesanpedro.com.ar\/sitio\/wp-content\/uploads\/2018\/08\/39105896_2228118454084505_2583398785317076992_n.jpg\" class=\"attachment-large size-large lazyload\" alt=\"El Diario de San Pedro | Noticias locales y regionales\" data-srcset=\"https:\/\/eldiariodesanpedro.com.ar\/sitio\/wp-content\/uploads\/2018\/08\/39105896_2228118454084505_2583398785317076992_n.jpg 720w, https:\/\/eldiariodesanpedro.com.ar\/sitio\/wp-content\/uploads\/2018\/08\/39105896_2228118454084505_2583398785317076992_n-225x300.jpg 225w\" data-sizes=\"(max-width: 640px) 100vw, 640px\" data-attachment-id=\"38620\" data-permalink=\"https:\/\/eldiariodesanpedro.com.ar\/sitio\/delincuentes-robaron-los-juguetes-para-el-dia-del-nino-del-comedor-comunitario-del-2-de-abril\/39105896_2228118454084505_2583398785317076992_n\/\" data-orig-file=\"https:\/\/eldiariodesanpedro.com.ar\/sitio\/wp-content\/uploads\/2018\/08\/39105896_2228118454084505_2583398785317076992_n.jpg\" data-orig-size=\"720,960\" data-comments-opened=\"1\" data-image-meta=\"{&quot;aperture&quot;:&quot;0&quot;,&quot;credit&quot;:&quot;&quot;,&quot;camera&quot;:&quot;&quot;,&quot;caption&quot;:&quot;&quot;,&quot;created_timestamp&quot;:&quot;0&quot;,&quot;copyright&quot;:&quot;&quot;,&quot;focal_length&quot;:&quot;0&quot;,&quot;iso&quot;:&quot;0&quot;,&quot;shutter_speed&quot;:&quot;0&quot;,&quot;title&quot;:&quot;&quot;,&quot;orientation&quot;:&quot;0&quot;}\" data-image-title=\"39105896_2228118454084505_2583398785317076992_n\" data-image-description=\"\" data-image-caption=\"\" data-large-file=\"https:\/\/eldiariodesanpedro.com.ar\/sitio\/wp-content\/uploads\/2018\/08\/39105896_2228118454084505_2583398785317076992_n.jpg\" src=\"data:image\/svg+xml;base64,PHN2ZyB3aWR0aD0iMSIgaGVpZ2h0PSIxIiB4bWxucz0iaHR0cDovL3d3dy53My5vcmcvMjAwMC9zdmciPjwvc3ZnPg==\" style=\"--smush-placeholder-width: 640px; --smush-placeholder-aspect-ratio: 640\/853;\" \/><\/a>\n\t\t\t<\/div><\/figure><figure class='gallery-item'>\n\t\t\t<div class='gallery-icon landscape'>\n\t\t\t\t<a href='https:\/\/eldiariodesanpedro.com.ar\/sitio\/wp-content\/uploads\/2018\/08\/WhatsApp-Image-2018-08-17-at-11.47.12.jpeg'><img decoding=\"async\" width=\"640\" height=\"480\" data-src=\"https:\/\/eldiariodesanpedro.com.ar\/sitio\/wp-content\/uploads\/2018\/08\/WhatsApp-Image-2018-08-17-at-11.47.12.jpeg\" class=\"attachment-large size-large lazyload\" alt=\"El Diario de San Pedro | Noticias locales y regionales\" data-srcset=\"https:\/\/eldiariodesanpedro.com.ar\/sitio\/wp-content\/uploads\/2018\/08\/WhatsApp-Image-2018-08-17-at-11.47.12.jpeg 960w, https:\/\/eldiariodesanpedro.com.ar\/sitio\/wp-content\/uploads\/2018\/08\/WhatsApp-Image-2018-08-17-at-11.47.12-300x225.jpeg 300w, https:\/\/eldiariodesanpedro.com.ar\/sitio\/wp-content\/uploads\/2018\/08\/WhatsApp-Image-2018-08-17-at-11.47.12-768x576.jpeg 768w\" data-sizes=\"(max-width: 640px) 100vw, 640px\" data-attachment-id=\"38628\" data-permalink=\"https:\/\/eldiariodesanpedro.com.ar\/sitio\/delincuentes-robaron-los-juguetes-para-el-dia-del-nino-del-comedor-comunitario-del-2-de-abril\/whatsapp-image-2018-08-17-at-11-47-12\/\" data-orig-file=\"https:\/\/eldiariodesanpedro.com.ar\/sitio\/wp-content\/uploads\/2018\/08\/WhatsApp-Image-2018-08-17-at-11.47.12.jpeg\" data-orig-size=\"960,720\" data-comments-opened=\"1\" data-image-meta=\"{&quot;aperture&quot;:&quot;0&quot;,&quot;credit&quot;:&quot;&quot;,&quot;camera&quot;:&quot;&quot;,&quot;caption&quot;:&quot;&quot;,&quot;created_timestamp&quot;:&quot;0&quot;,&quot;copyright&quot;:&quot;&quot;,&quot;focal_length&quot;:&quot;0&quot;,&quot;iso&quot;:&quot;0&quot;,&quot;shutter_speed&quot;:&quot;0&quot;,&quot;title&quot;:&quot;&quot;,&quot;orientation&quot;:&quot;0&quot;}\" data-image-title=\"WhatsApp Image 2018-08-17 at 11.47.12\" data-image-description=\"\" data-image-caption=\"\" data-large-file=\"https:\/\/eldiariodesanpedro.com.ar\/sitio\/wp-content\/uploads\/2018\/08\/WhatsApp-Image-2018-08-17-at-11.47.12.jpeg\" src=\"data:image\/svg+xml;base64,PHN2ZyB3aWR0aD0iMSIgaGVpZ2h0PSIxIiB4bWxucz0iaHR0cDovL3d3dy53My5vcmcvMjAwMC9zdmciPjwvc3ZnPg==\" style=\"--smush-placeholder-width: 640px; --smush-placeholder-aspect-ratio: 640\/480;\" \/><\/a>\n\t\t\t<\/div><\/figure><figure class='gallery-item'>\n\t\t\t<div class='gallery-icon landscape'>\n\t\t\t\t<a href='https:\/\/eldiariodesanpedro.com.ar\/sitio\/wp-content\/uploads\/2018\/08\/WhatsApp-Image-2018-08-17-at-11.47.12-1.jpeg'><img decoding=\"async\" width=\"640\" height=\"480\" data-src=\"https:\/\/eldiariodesanpedro.com.ar\/sitio\/wp-content\/uploads\/2018\/08\/WhatsApp-Image-2018-08-17-at-11.47.12-1.jpeg\" class=\"attachment-large size-large lazyload\" alt=\"El Diario de San Pedro | Noticias locales y regionales\" data-srcset=\"https:\/\/eldiariodesanpedro.com.ar\/sitio\/wp-content\/uploads\/2018\/08\/WhatsApp-Image-2018-08-17-at-11.47.12-1.jpeg 960w, https:\/\/eldiariodesanpedro.com.ar\/sitio\/wp-content\/uploads\/2018\/08\/WhatsApp-Image-2018-08-17-at-11.47.12-1-300x225.jpeg 300w, https:\/\/eldiariodesanpedro.com.ar\/sitio\/wp-content\/uploads\/2018\/08\/WhatsApp-Image-2018-08-17-at-11.47.12-1-768x576.jpeg 768w\" data-sizes=\"(max-width: 640px) 100vw, 640px\" data-attachment-id=\"38627\" data-permalink=\"https:\/\/eldiariodesanpedro.com.ar\/sitio\/delincuentes-robaron-los-juguetes-para-el-dia-del-nino-del-comedor-comunitario-del-2-de-abril\/whatsapp-image-2018-08-17-at-11-47-12-1\/\" data-orig-file=\"https:\/\/eldiariodesanpedro.com.ar\/sitio\/wp-content\/uploads\/2018\/08\/WhatsApp-Image-2018-08-17-at-11.47.12-1.jpeg\" data-orig-size=\"960,720\" data-comments-opened=\"1\" data-image-meta=\"{&quot;aperture&quot;:&quot;0&quot;,&quot;credit&quot;:&quot;&quot;,&quot;camera&quot;:&quot;&quot;,&quot;caption&quot;:&quot;&quot;,&quot;created_timestamp&quot;:&quot;0&quot;,&quot;copyright&quot;:&quot;&quot;,&quot;focal_length&quot;:&quot;0&quot;,&quot;iso&quot;:&quot;0&quot;,&quot;shutter_speed&quot;:&quot;0&quot;,&quot;title&quot;:&quot;&quot;,&quot;orientation&quot;:&quot;0&quot;}\" data-image-title=\"WhatsApp Image 2018-08-17 at 11.47.12 (1)\" data-image-description=\"\" data-image-caption=\"\" data-large-file=\"https:\/\/eldiariodesanpedro.com.ar\/sitio\/wp-content\/uploads\/2018\/08\/WhatsApp-Image-2018-08-17-at-11.47.12-1.jpeg\" src=\"data:image\/svg+xml;base64,PHN2ZyB3aWR0aD0iMSIgaGVpZ2h0PSIxIiB4bWxucz0iaHR0cDovL3d3dy53My5vcmcvMjAwMC9zdmciPjwvc3ZnPg==\" style=\"--smush-placeholder-width: 640px; --smush-placeholder-aspect-ratio: 640\/480;\" \/><\/a>\n\t\t\t<\/div><\/figure><figure class='gallery-item'>\n\t\t\t<div class='gallery-icon portrait'>\n\t\t\t\t<a href='https:\/\/eldiariodesanpedro.com.ar\/sitio\/wp-content\/uploads\/2018\/08\/WhatsApp-Image-2018-08-17-at-11.51.56.jpeg'><img decoding=\"async\" width=\"640\" height=\"853\" data-src=\"https:\/\/eldiariodesanpedro.com.ar\/sitio\/wp-content\/uploads\/2018\/08\/WhatsApp-Image-2018-08-17-at-11.51.56.jpeg\" class=\"attachment-large size-large lazyload\" alt=\"El Diario de San Pedro | Noticias locales y regionales\" data-srcset=\"https:\/\/eldiariodesanpedro.com.ar\/sitio\/wp-content\/uploads\/2018\/08\/WhatsApp-Image-2018-08-17-at-11.51.56.jpeg 720w, https:\/\/eldiariodesanpedro.com.ar\/sitio\/wp-content\/uploads\/2018\/08\/WhatsApp-Image-2018-08-17-at-11.51.56-225x300.jpeg 225w\" data-sizes=\"(max-width: 640px) 100vw, 640px\" data-attachment-id=\"38629\" data-permalink=\"https:\/\/eldiariodesanpedro.com.ar\/sitio\/delincuentes-robaron-los-juguetes-para-el-dia-del-nino-del-comedor-comunitario-del-2-de-abril\/whatsapp-image-2018-08-17-at-11-51-56\/\" data-orig-file=\"https:\/\/eldiariodesanpedro.com.ar\/sitio\/wp-content\/uploads\/2018\/08\/WhatsApp-Image-2018-08-17-at-11.51.56.jpeg\" data-orig-size=\"720,960\" data-comments-opened=\"1\" data-image-meta=\"{&quot;aperture&quot;:&quot;0&quot;,&quot;credit&quot;:&quot;&quot;,&quot;camera&quot;:&quot;&quot;,&quot;caption&quot;:&quot;&quot;,&quot;created_timestamp&quot;:&quot;0&quot;,&quot;copyright&quot;:&quot;&quot;,&quot;focal_length&quot;:&quot;0&quot;,&quot;iso&quot;:&quot;0&quot;,&quot;shutter_speed&quot;:&quot;0&quot;,&quot;title&quot;:&quot;&quot;,&quot;orientation&quot;:&quot;0&quot;}\" data-image-title=\"WhatsApp Image 2018-08-17 at 11.51.56\" data-image-description=\"\" data-image-caption=\"\" data-large-file=\"https:\/\/eldiariodesanpedro.com.ar\/sitio\/wp-content\/uploads\/2018\/08\/WhatsApp-Image-2018-08-17-at-11.51.56.jpeg\" src=\"data:image\/svg+xml;base64,PHN2ZyB3aWR0aD0iMSIgaGVpZ2h0PSIxIiB4bWxucz0iaHR0cDovL3d3dy53My5vcmcvMjAwMC9zdmciPjwvc3ZnPg==\" style=\"--smush-placeholder-width: 640px; --smush-placeholder-aspect-ratio: 640\/853;\" \/><\/a>\n\t\t\t<\/div><\/figure><figure class='gallery-item'>\n\t\t\t<div class='gallery-icon landscape'>\n\t\t\t\t<a href='https:\/\/eldiariodesanpedro.com.ar\/sitio\/wp-content\/uploads\/2018\/08\/WhatsApp-Image-2018-08-17-at-11.51.57.jpeg'><img decoding=\"async\" width=\"640\" height=\"480\" data-src=\"https:\/\/eldiariodesanpedro.com.ar\/sitio\/wp-content\/uploads\/2018\/08\/WhatsApp-Image-2018-08-17-at-11.51.57.jpeg\" class=\"attachment-large size-large lazyload\" alt=\"El Diario de San Pedro | Noticias locales y regionales\" data-srcset=\"https:\/\/eldiariodesanpedro.com.ar\/sitio\/wp-content\/uploads\/2018\/08\/WhatsApp-Image-2018-08-17-at-11.51.57.jpeg 960w, https:\/\/eldiariodesanpedro.com.ar\/sitio\/wp-content\/uploads\/2018\/08\/WhatsApp-Image-2018-08-17-at-11.51.57-300x225.jpeg 300w, https:\/\/eldiariodesanpedro.com.ar\/sitio\/wp-content\/uploads\/2018\/08\/WhatsApp-Image-2018-08-17-at-11.51.57-768x576.jpeg 768w\" data-sizes=\"(max-width: 640px) 100vw, 640px\" data-attachment-id=\"38630\" data-permalink=\"https:\/\/eldiariodesanpedro.com.ar\/sitio\/delincuentes-robaron-los-juguetes-para-el-dia-del-nino-del-comedor-comunitario-del-2-de-abril\/whatsapp-image-2018-08-17-at-11-51-57\/\" data-orig-file=\"https:\/\/eldiariodesanpedro.com.ar\/sitio\/wp-content\/uploads\/2018\/08\/WhatsApp-Image-2018-08-17-at-11.51.57.jpeg\" data-orig-size=\"960,720\" data-comments-opened=\"1\" data-image-meta=\"{&quot;aperture&quot;:&quot;0&quot;,&quot;credit&quot;:&quot;&quot;,&quot;camera&quot;:&quot;&quot;,&quot;caption&quot;:&quot;&quot;,&quot;created_timestamp&quot;:&quot;0&quot;,&quot;copyright&quot;:&quot;&quot;,&quot;focal_length&quot;:&quot;0&quot;,&quot;iso&quot;:&quot;0&quot;,&quot;shutter_speed&quot;:&quot;0&quot;,&quot;title&quot;:&quot;&quot;,&quot;orientation&quot;:&quot;0&quot;}\" data-image-title=\"WhatsApp Image 2018-08-17 at 11.51.57\" data-image-description=\"\" data-image-caption=\"\" data-large-file=\"https:\/\/eldiariodesanpedro.com.ar\/sitio\/wp-content\/uploads\/2018\/08\/WhatsApp-Image-2018-08-17-at-11.51.57.jpeg\" src=\"data:image\/svg+xml;base64,PHN2ZyB3aWR0aD0iMSIgaGVpZ2h0PSIxIiB4bWxucz0iaHR0cDovL3d3dy53My5vcmcvMjAwMC9zdmciPjwvc3ZnPg==\" style=\"--smush-placeholder-width: 640px; --smush-placeholder-aspect-ratio: 640\/480;\" \/><\/a>\n\t\t\t<\/div><\/figure><figure class='gallery-item'>\n\t\t\t<div class='gallery-icon landscape'>\n\t\t\t\t<a href='https:\/\/eldiariodesanpedro.com.ar\/sitio\/wp-content\/uploads\/2018\/08\/39338685_2228118364084514_2542361635524182016_n.jpg'><img decoding=\"async\" width=\"640\" height=\"480\" data-src=\"https:\/\/eldiariodesanpedro.com.ar\/sitio\/wp-content\/uploads\/2018\/08\/39338685_2228118364084514_2542361635524182016_n.jpg\" class=\"attachment-large size-large lazyload\" alt=\"El Diario de San Pedro | Noticias locales y regionales\" data-srcset=\"https:\/\/eldiariodesanpedro.com.ar\/sitio\/wp-content\/uploads\/2018\/08\/39338685_2228118364084514_2542361635524182016_n.jpg 960w, https:\/\/eldiariodesanpedro.com.ar\/sitio\/wp-content\/uploads\/2018\/08\/39338685_2228118364084514_2542361635524182016_n-300x225.jpg 300w, https:\/\/eldiariodesanpedro.com.ar\/sitio\/wp-content\/uploads\/2018\/08\/39338685_2228118364084514_2542361635524182016_n-768x576.jpg 768w\" data-sizes=\"(max-width: 640px) 100vw, 640px\" data-attachment-id=\"38621\" data-permalink=\"https:\/\/eldiariodesanpedro.com.ar\/sitio\/delincuentes-robaron-los-juguetes-para-el-dia-del-nino-del-comedor-comunitario-del-2-de-abril\/39338685_2228118364084514_2542361635524182016_n\/\" data-orig-file=\"https:\/\/eldiariodesanpedro.com.ar\/sitio\/wp-content\/uploads\/2018\/08\/39338685_2228118364084514_2542361635524182016_n.jpg\" data-orig-size=\"960,720\" data-comments-opened=\"1\" data-image-meta=\"{&quot;aperture&quot;:&quot;0&quot;,&quot;credit&quot;:&quot;&quot;,&quot;camera&quot;:&quot;&quot;,&quot;caption&quot;:&quot;&quot;,&quot;created_timestamp&quot;:&quot;0&quot;,&quot;copyright&quot;:&quot;&quot;,&quot;focal_length&quot;:&quot;0&quot;,&quot;iso&quot;:&quot;0&quot;,&quot;shutter_speed&quot;:&quot;0&quot;,&quot;title&quot;:&quot;&quot;,&quot;orientation&quot;:&quot;0&quot;}\" data-image-title=\"39338685_2228118364084514_2542361635524182016_n\" data-image-description=\"\" data-image-caption=\"\" data-large-file=\"https:\/\/eldiariodesanpedro.com.ar\/sitio\/wp-content\/uploads\/2018\/08\/39338685_2228118364084514_2542361635524182016_n.jpg\" src=\"data:image\/svg+xml;base64,PHN2ZyB3aWR0aD0iMSIgaGVpZ2h0PSIxIiB4bWxucz0iaHR0cDovL3d3dy53My5vcmcvMjAwMC9zdmciPjwvc3ZnPg==\" style=\"--smush-placeholder-width: 640px; --smush-placeholder-aspect-ratio: 640\/480;\" \/><\/a>\n\t\t\t<\/div><\/figure><figure class='gallery-item'>\n\t\t\t<div class='gallery-icon landscape'>\n\t\t\t\t<a href='https:\/\/eldiariodesanpedro.com.ar\/sitio\/wp-content\/uploads\/2018\/08\/WhatsApp-Image-2018-08-17-at-11.47.10-1.jpeg'><img decoding=\"async\" width=\"640\" height=\"480\" data-src=\"https:\/\/eldiariodesanpedro.com.ar\/sitio\/wp-content\/uploads\/2018\/08\/WhatsApp-Image-2018-08-17-at-11.47.10-1.jpeg\" class=\"attachment-large size-large lazyload\" alt=\"El Diario de San Pedro | Noticias locales y regionales\" data-srcset=\"https:\/\/eldiariodesanpedro.com.ar\/sitio\/wp-content\/uploads\/2018\/08\/WhatsApp-Image-2018-08-17-at-11.47.10-1.jpeg 720w, https:\/\/eldiariodesanpedro.com.ar\/sitio\/wp-content\/uploads\/2018\/08\/WhatsApp-Image-2018-08-17-at-11.47.10-1-300x225.jpeg 300w\" data-sizes=\"(max-width: 640px) 100vw, 640px\" data-attachment-id=\"38625\" data-permalink=\"https:\/\/eldiariodesanpedro.com.ar\/sitio\/delincuentes-robaron-los-juguetes-para-el-dia-del-nino-del-comedor-comunitario-del-2-de-abril\/whatsapp-image-2018-08-17-at-11-47-10-1\/\" data-orig-file=\"https:\/\/eldiariodesanpedro.com.ar\/sitio\/wp-content\/uploads\/2018\/08\/WhatsApp-Image-2018-08-17-at-11.47.10-1.jpeg\" data-orig-size=\"720,540\" data-comments-opened=\"1\" data-image-meta=\"{&quot;aperture&quot;:&quot;0&quot;,&quot;credit&quot;:&quot;&quot;,&quot;camera&quot;:&quot;&quot;,&quot;caption&quot;:&quot;&quot;,&quot;created_timestamp&quot;:&quot;0&quot;,&quot;copyright&quot;:&quot;&quot;,&quot;focal_length&quot;:&quot;0&quot;,&quot;iso&quot;:&quot;0&quot;,&quot;shutter_speed&quot;:&quot;0&quot;,&quot;title&quot;:&quot;&quot;,&quot;orientation&quot;:&quot;0&quot;}\" data-image-title=\"WhatsApp Image 2018-08-17 at 11.47.10 (1)\" data-image-description=\"\" data-image-caption=\"\" data-large-file=\"https:\/\/eldiariodesanpedro.com.ar\/sitio\/wp-content\/uploads\/2018\/08\/WhatsApp-Image-2018-08-17-at-11.47.10-1.jpeg\" src=\"data:image\/svg+xml;base64,PHN2ZyB3aWR0aD0iMSIgaGVpZ2h0PSIxIiB4bWxucz0iaHR0cDovL3d3dy53My5vcmcvMjAwMC9zdmciPjwvc3ZnPg==\" style=\"--smush-placeholder-width: 640px; --smush-placeholder-aspect-ratio: 640\/480;\" \/><\/a>\n\t\t\t<\/div><\/figure><figure class='gallery-item'>\n\t\t\t<div class='gallery-icon portrait'>\n\t\t\t\t<a href='https:\/\/eldiariodesanpedro.com.ar\/sitio\/wp-content\/uploads\/2018\/08\/39391986_2229454783950872_5820651915624579072_n.jpg'><img decoding=\"async\" width=\"640\" height=\"853\" data-src=\"https:\/\/eldiariodesanpedro.com.ar\/sitio\/wp-content\/uploads\/2018\/08\/39391986_2229454783950872_5820651915624579072_n.jpg\" class=\"attachment-large size-large lazyload\" alt=\"El Diario de San Pedro | Noticias locales y regionales\" data-srcset=\"https:\/\/eldiariodesanpedro.com.ar\/sitio\/wp-content\/uploads\/2018\/08\/39391986_2229454783950872_5820651915624579072_n.jpg 720w, https:\/\/eldiariodesanpedro.com.ar\/sitio\/wp-content\/uploads\/2018\/08\/39391986_2229454783950872_5820651915624579072_n-225x300.jpg 225w\" data-sizes=\"(max-width: 640px) 100vw, 640px\" data-attachment-id=\"38623\" data-permalink=\"https:\/\/eldiariodesanpedro.com.ar\/sitio\/delincuentes-robaron-los-juguetes-para-el-dia-del-nino-del-comedor-comunitario-del-2-de-abril\/39391986_2229454783950872_5820651915624579072_n\/\" data-orig-file=\"https:\/\/eldiariodesanpedro.com.ar\/sitio\/wp-content\/uploads\/2018\/08\/39391986_2229454783950872_5820651915624579072_n.jpg\" data-orig-size=\"720,960\" data-comments-opened=\"1\" data-image-meta=\"{&quot;aperture&quot;:&quot;0&quot;,&quot;credit&quot;:&quot;&quot;,&quot;camera&quot;:&quot;&quot;,&quot;caption&quot;:&quot;&quot;,&quot;created_timestamp&quot;:&quot;0&quot;,&quot;copyright&quot;:&quot;&quot;,&quot;focal_length&quot;:&quot;0&quot;,&quot;iso&quot;:&quot;0&quot;,&quot;shutter_speed&quot;:&quot;0&quot;,&quot;title&quot;:&quot;&quot;,&quot;orientation&quot;:&quot;0&quot;}\" data-image-title=\"39391986_2229454783950872_5820651915624579072_n\" data-image-description=\"\" data-image-caption=\"\" data-large-file=\"https:\/\/eldiariodesanpedro.com.ar\/sitio\/wp-content\/uploads\/2018\/08\/39391986_2229454783950872_5820651915624579072_n.jpg\" src=\"data:image\/svg+xml;base64,PHN2ZyB3aWR0aD0iMSIgaGVpZ2h0PSIxIiB4bWxucz0iaHR0cDovL3d3dy53My5vcmcvMjAwMC9zdmciPjwvc3ZnPg==\" style=\"--smush-placeholder-width: 640px; --smush-placeholder-aspect-ratio: 640\/853;\" \/><\/a>\n\t\t\t<\/div><\/figure><figure class='gallery-item'>\n\t\t\t<div class='gallery-icon portrait'>\n\t\t\t\t<a href='https:\/\/eldiariodesanpedro.com.ar\/sitio\/wp-content\/uploads\/2018\/08\/39387653_2228279417401742_9163000902800375808_n.jpg'><img decoding=\"async\" width=\"640\" height=\"853\" data-src=\"https:\/\/eldiariodesanpedro.com.ar\/sitio\/wp-content\/uploads\/2018\/08\/39387653_2228279417401742_9163000902800375808_n.jpg\" class=\"attachment-large size-large lazyload\" alt=\"El Diario de San Pedro | Noticias locales y regionales\" data-srcset=\"https:\/\/eldiariodesanpedro.com.ar\/sitio\/wp-content\/uploads\/2018\/08\/39387653_2228279417401742_9163000902800375808_n.jpg 720w, https:\/\/eldiariodesanpedro.com.ar\/sitio\/wp-content\/uploads\/2018\/08\/39387653_2228279417401742_9163000902800375808_n-225x300.jpg 225w\" data-sizes=\"(max-width: 640px) 100vw, 640px\" data-attachment-id=\"38622\" data-permalink=\"https:\/\/eldiariodesanpedro.com.ar\/sitio\/delincuentes-robaron-los-juguetes-para-el-dia-del-nino-del-comedor-comunitario-del-2-de-abril\/39387653_2228279417401742_9163000902800375808_n\/\" data-orig-file=\"https:\/\/eldiariodesanpedro.com.ar\/sitio\/wp-content\/uploads\/2018\/08\/39387653_2228279417401742_9163000902800375808_n.jpg\" data-orig-size=\"720,960\" data-comments-opened=\"1\" data-image-meta=\"{&quot;aperture&quot;:&quot;0&quot;,&quot;credit&quot;:&quot;&quot;,&quot;camera&quot;:&quot;&quot;,&quot;caption&quot;:&quot;&quot;,&quot;created_timestamp&quot;:&quot;0&quot;,&quot;copyright&quot;:&quot;&quot;,&quot;focal_length&quot;:&quot;0&quot;,&quot;iso&quot;:&quot;0&quot;,&quot;shutter_speed&quot;:&quot;0&quot;,&quot;title&quot;:&quot;&quot;,&quot;orientation&quot;:&quot;0&quot;}\" data-image-title=\"39387653_2228279417401742_9163000902800375808_n\" data-image-description=\"\" data-image-caption=\"\" data-large-file=\"https:\/\/eldiariodesanpedro.com.ar\/sitio\/wp-content\/uploads\/2018\/08\/39387653_2228279417401742_9163000902800375808_n.jpg\" src=\"data:image\/svg+xml;base64,PHN2ZyB3aWR0aD0iMSIgaGVpZ2h0PSIxIiB4bWxucz0iaHR0cDovL3d3dy53My5vcmcvMjAwMC9zdmciPjwvc3ZnPg==\" style=\"--smush-placeholder-width: 640px; --smush-placeholder-aspect-ratio: 640\/853;\" \/><\/a>\n\t\t\t<\/div><\/figure><figure class='gallery-item'>\n\t\t\t<div class='gallery-icon portrait'>\n\t\t\t\t<a href='https:\/\/eldiariodesanpedro.com.ar\/sitio\/wp-content\/uploads\/2018\/08\/WhatsApp-Image-2018-08-17-at-11.47.10.jpeg'><img decoding=\"async\" width=\"640\" height=\"853\" data-src=\"https:\/\/eldiariodesanpedro.com.ar\/sitio\/wp-content\/uploads\/2018\/08\/WhatsApp-Image-2018-08-17-at-11.47.10.jpeg\" class=\"attachment-large size-large lazyload\" alt=\"El Diario de San Pedro | Noticias locales y regionales\" data-srcset=\"https:\/\/eldiariodesanpedro.com.ar\/sitio\/wp-content\/uploads\/2018\/08\/WhatsApp-Image-2018-08-17-at-11.47.10.jpeg 720w, https:\/\/eldiariodesanpedro.com.ar\/sitio\/wp-content\/uploads\/2018\/08\/WhatsApp-Image-2018-08-17-at-11.47.10-225x300.jpeg 225w\" data-sizes=\"(max-width: 640px) 100vw, 640px\" data-attachment-id=\"38626\" data-permalink=\"https:\/\/eldiariodesanpedro.com.ar\/sitio\/delincuentes-robaron-los-juguetes-para-el-dia-del-nino-del-comedor-comunitario-del-2-de-abril\/whatsapp-image-2018-08-17-at-11-47-10\/\" data-orig-file=\"https:\/\/eldiariodesanpedro.com.ar\/sitio\/wp-content\/uploads\/2018\/08\/WhatsApp-Image-2018-08-17-at-11.47.10.jpeg\" data-orig-size=\"720,960\" data-comments-opened=\"1\" data-image-meta=\"{&quot;aperture&quot;:&quot;0&quot;,&quot;credit&quot;:&quot;&quot;,&quot;camera&quot;:&quot;&quot;,&quot;caption&quot;:&quot;&quot;,&quot;created_timestamp&quot;:&quot;0&quot;,&quot;copyright&quot;:&quot;&quot;,&quot;focal_length&quot;:&quot;0&quot;,&quot;iso&quot;:&quot;0&quot;,&quot;shutter_speed&quot;:&quot;0&quot;,&quot;title&quot;:&quot;&quot;,&quot;orientation&quot;:&quot;0&quot;}\" data-image-title=\"WhatsApp Image 2018-08-17 at 11.47.10\" data-image-description=\"\" data-image-caption=\"\" data-large-file=\"https:\/\/eldiariodesanpedro.com.ar\/sitio\/wp-content\/uploads\/2018\/08\/WhatsApp-Image-2018-08-17-at-11.47.10.jpeg\" src=\"data:image\/svg+xml;base64,PHN2ZyB3aWR0aD0iMSIgaGVpZ2h0PSIxIiB4bWxucz0iaHR0cDovL3d3dy53My5vcmcvMjAwMC9zdmciPjwvc3ZnPg==\" style=\"--smush-placeholder-width: 640px; --smush-placeholder-aspect-ratio: 640\/853;\" \/><\/a>\n\t\t\t<\/div><\/figure>\n\t\t<\/div>\n\n","protected":false},"excerpt":{"rendered":"<p>En la ma\u00f1ana del viernes, Adriana y Diego, fundadores del Comedor Comunitario Fe y Esperanza por los ni\u00f1os del barrio 2 de Abril, ubicado en Facundo Quiroga 1145, se encontraron con una sorpresa muy triste, delincuentes hab\u00edan ingresado violentando la puerta del lugar y se llevaron ademas de un poco de mercader\u00eda, todos los juguetes [&hellip;]<\/p>\n","protected":false},"author":4,"featured_media":38621,"comment_status":"open","ping_status":"closed","sticky":false,"template":"","format":"standard","meta":{"om_disable_all_campaigns":false,"_jetpack_memberships_contains_paid_content":false,"footnotes":""},"categories":[50,2,103],"tags":[],"class_list":["post-38616","post","type-post","status-publish","format-standard","has-post-thumbnail","hentry","category-destacadas","category-locales","category-policiales-locales"],"aioseo_notices":[],"gutentor_comment":0,"jetpack_featured_media_url":"https:\/\/eldiariodesanpedro.com.ar\/sitio\/wp-content\/uploads\/2018\/08\/39338685_2228118364084514_2542361635524182016_n.jpg","jetpack_shortlink":"https:\/\/wp.me\/p6RhLt-a2Q","jetpack_sharing_enabled":true,"_links":{"self":[{"href":"https:\/\/eldiariodesanpedro.com.ar\/sitio\/wp-json\/wp\/v2\/posts\/38616","targetHints":{"allow":["GET"]}}],"collection":[{"href":"https:\/\/eldiariodesanpedro.com.ar\/sitio\/wp-json\/wp\/v2\/posts"}],"about":[{"href":"https:\/\/eldiariodesanpedro.com.ar\/sitio\/wp-json\/wp\/v2\/types\/post"}],"author":[{"embeddable":true,"href":"https:\/\/eldiariodesanpedro.com.ar\/sitio\/wp-json\/wp\/v2\/users\/4"}],"replies":[{"embeddable":true,"href":"https:\/\/eldiariodesanpedro.com.ar\/sitio\/wp-json\/wp\/v2\/comments?post=38616"}],"version-history":[{"count":2,"href":"https:\/\/eldiariodesanpedro.com.ar\/sitio\/wp-json\/wp\/v2\/posts\/38616\/revisions"}],"predecessor-version":[{"id":38631,"href":"https:\/\/eldiariodesanpedro.com.ar\/sitio\/wp-json\/wp\/v2\/posts\/38616\/revisions\/38631"}],"wp:featuredmedia":[{"embeddable":true,"href":"https:\/\/eldiariodesanpedro.com.ar\/sitio\/wp-json\/wp\/v2\/media\/38621"}],"wp:attachment":[{"href":"https:\/\/eldiariodesanpedro.com.ar\/sitio\/wp-json\/wp\/v2\/media?parent=38616"}],"wp:term":[{"taxonomy":"category","embeddable":true,"href":"https:\/\/eldiariodesanpedro.com.ar\/sitio\/wp-json\/wp\/v2\/categories?post=38616"},{"taxonomy":"post_tag","embeddable":true,"href":"https:\/\/eldiariodesanpedro.com.ar\/sitio\/wp-json\/wp\/v2\/tags?post=38616"}],"curies":[{"name":"wp","href":"https:\/\/api.w.org\/{rel}","templated":true}]}}