{"id":38612,"date":"2018-08-17T18:04:06","date_gmt":"2018-08-17T21:04:06","guid":{"rendered":"https:\/\/eldiariodesanpedro.com.ar\/sitio\/?p=38612"},"modified":"2018-08-17T18:04:06","modified_gmt":"2018-08-17T21:04:06","slug":"solicitan-banca-abierta-para-solucionar-el-problema-de-sobrepoblacion-animal-urbana","status":"publish","type":"post","link":"https:\/\/eldiariodesanpedro.com.ar\/sitio\/solicitan-banca-abierta-para-solucionar-el-problema-de-sobrepoblacion-animal-urbana\/","title":{"rendered":"Solicitan Banca Abierta para solucionar el problema de sobrepoblaci\u00f3n animal urbana"},"content":{"rendered":"<p><!-- VideographyWP Plugin Message: Automatic video embedding prevented by plugin options. --><br \/>\nMarcela Hainez y Mar\u00eda Mart\u00ednez visitaron El Diario de San Pedro. Representan a Vida Animal, presentaron un formulario de solicitud de Banca Abierta al HCD, acompa\u00f1ado de una nota con firmas de vecinos y proteccionistas bregando por una soluci\u00f3n para la sobrepoblaci\u00f3n animal urbana. <\/p>\n<p>  Ellas en representaci\u00f3n de muchos vecinos reclaman al Municipio la toma de conciencia sobre esta problem\u00e1tica existente, la sobrepoblaci\u00f3n animal urbana de caninos y felinos. Solicitan castraciones masivas, simult\u00e1neas en todas las localidades y sostenidas en el tiempo, a cargo del Municipio.<br \/>\n  Cuentan que en el 2016 se hab\u00eda firmado un convenio entre la Municipalidad y la ONG para las castraciones, fue un programa de abordaje de control de la poblaci\u00f3n que inclu\u00eda la creaci\u00f3n de una oficina animal, pero nunca se cumpli\u00f3. <\/p>\n<p>  El plan que ellas como representantes de Vida Animal aportan es, b\u00e1sicamente, hacer las castraciones en un punto cercano para todos los ciudadanos, o bien que se recorran las localidades y barrios, porque muchas personas tienen la voluntad, pero no el dinero para el traslado. Que sean sostenidas en el tiempo y masivas.<br \/>\n  Ellas son realistas y saben que la castraci\u00f3n tampoco es la soluci\u00f3n definitiva, s\u00ed lo ser\u00eda la toma de conciencia sobre el sufrimiento animal y la educaci\u00f3n para una tenencia y adopci\u00f3n responsable.<br \/>\n  Piden tomar conciencia sobre el abandono animal, si bien no se le puede echar la culpa al Estado de la irresponsabilidad de la gente, el Estado s\u00ed tiene la obligaci\u00f3n de hacer esas castraciones para disminuir la sobrepoblaci\u00f3n y la transmisi\u00f3n de enfermedades.<\/p>\n<p>  A\u00fan sin fecha confirmada, creen que sea probablemente este 23 de agosto la presentaci\u00f3n en el HCD para pedir por las castraciones equitativas, masivas y, un punto determinado de la ciudad al alcance de todos para su realizaci\u00f3n.<br \/>\n  \u201cSe har\u00e1 la propuesta en el Municipio y si \u00e9ste no tiene los recursos, sugerimos que re\u00fana a todos los proteccionistas y se arme un proyecto. Tambi\u00e9n se puede consultar a otros municipios que tienen muy buen control de los animales callejeros. Ejemplo: en Baradero se castran 7 perros a diario gratis desde hace mucho tiempo. Queremos que San Pedro sea un ejemplo en este aspecto, entre otros\u201d.<br \/>\n  Agradecen la colaboraci\u00f3n de todos los veterinarios de la ciudad, \u201csin su colaboraci\u00f3n estar\u00edamos peor\u201d aseguraron.<\/p>\n<p><iframe data-src=\"https:\/\/www.facebook.com\/plugins\/video.php?href=https%3A%2F%2Fwww.facebook.com%2Feldiario.desanpedro%2Fvideos%2F608608042867334%2F&#038;show_text=0&#038;width=560\" width=\"560\" height=\"315\" style=\"border:none;overflow:hidden\" scrolling=\"no\" frameborder=\"0\" allowTransparency=\"true\" allowFullScreen=\"true\" src=\"data:image\/svg+xml;base64,PHN2ZyB3aWR0aD0iMSIgaGVpZ2h0PSIxIiB4bWxucz0iaHR0cDovL3d3dy53My5vcmcvMjAwMC9zdmciPjwvc3ZnPg==\" class=\"lazyload\" data-load-mode=\"1\"><\/iframe><\/p>\n","protected":false},"excerpt":{"rendered":"<p>Marcela Hainez y Mar\u00eda Mart\u00ednez visitaron El Diario de San Pedro. Representan a Vida Animal, presentaron un formulario de solicitud de Banca Abierta al HCD, acompa\u00f1ado de una nota con firmas de vecinos y proteccionistas bregando por una soluci\u00f3n para la sobrepoblaci\u00f3n animal urbana. Ellas en representaci\u00f3n de muchos vecinos reclaman al Municipio la toma [&hellip;]<\/p>\n","protected":false},"author":4,"featured_media":38613,"comment_status":"open","ping_status":"closed","sticky":false,"template":"","format":"standard","meta":{"om_disable_all_campaigns":false,"_jetpack_memberships_contains_paid_content":false,"footnotes":""},"categories":[2],"tags":[],"class_list":["post-38612","post","type-post","status-publish","format-standard","has-post-thumbnail","hentry","category-locales"],"aioseo_notices":[],"gutentor_comment":0,"jetpack_featured_media_url":"https:\/\/eldiariodesanpedro.com.ar\/sitio\/wp-content\/uploads\/2018\/08\/PAGINA-4-2.jpg","jetpack_shortlink":"https:\/\/wp.me\/p6RhLt-a2M","jetpack_sharing_enabled":true,"_links":{"self":[{"href":"https:\/\/eldiariodesanpedro.com.ar\/sitio\/wp-json\/wp\/v2\/posts\/38612","targetHints":{"allow":["GET"]}}],"collection":[{"href":"https:\/\/eldiariodesanpedro.com.ar\/sitio\/wp-json\/wp\/v2\/posts"}],"about":[{"href":"https:\/\/eldiariodesanpedro.com.ar\/sitio\/wp-json\/wp\/v2\/types\/post"}],"author":[{"embeddable":true,"href":"https:\/\/eldiariodesanpedro.com.ar\/sitio\/wp-json\/wp\/v2\/users\/4"}],"replies":[{"embeddable":true,"href":"https:\/\/eldiariodesanpedro.com.ar\/sitio\/wp-json\/wp\/v2\/comments?post=38612"}],"version-history":[{"count":1,"href":"https:\/\/eldiariodesanpedro.com.ar\/sitio\/wp-json\/wp\/v2\/posts\/38612\/revisions"}],"predecessor-version":[{"id":38614,"href":"https:\/\/eldiariodesanpedro.com.ar\/sitio\/wp-json\/wp\/v2\/posts\/38612\/revisions\/38614"}],"wp:featuredmedia":[{"embeddable":true,"href":"https:\/\/eldiariodesanpedro.com.ar\/sitio\/wp-json\/wp\/v2\/media\/38613"}],"wp:attachment":[{"href":"https:\/\/eldiariodesanpedro.com.ar\/sitio\/wp-json\/wp\/v2\/media?parent=38612"}],"wp:term":[{"taxonomy":"category","embeddable":true,"href":"https:\/\/eldiariodesanpedro.com.ar\/sitio\/wp-json\/wp\/v2\/categories?post=38612"},{"taxonomy":"post_tag","embeddable":true,"href":"https:\/\/eldiariodesanpedro.com.ar\/sitio\/wp-json\/wp\/v2\/tags?post=38612"}],"curies":[{"name":"wp","href":"https:\/\/api.w.org\/{rel}","templated":true}]}}