{"id":38608,"date":"2018-08-17T17:33:52","date_gmt":"2018-08-17T20:33:52","guid":{"rendered":"https:\/\/eldiariodesanpedro.com.ar\/sitio\/?p=38608"},"modified":"2018-08-17T17:33:52","modified_gmt":"2018-08-17T20:33:52","slug":"entrevista-a-junior-solmi-ganador-de-la-ultima-fecha-del-tc-pista-mouras","status":"publish","type":"post","link":"https:\/\/eldiariodesanpedro.com.ar\/sitio\/entrevista-a-junior-solmi-ganador-de-la-ultima-fecha-del-tc-pista-mouras\/","title":{"rendered":"Entrevista a Junior Solmi, ganador de la \u00faltima fecha del TC Pista Mouras"},"content":{"rendered":"<p><!-- VideographyWP Plugin Message: Automatic video embedding prevented by plugin options. --><br \/>\nCon motivo de homenajear a Junior Solmi por la primera victoria del TC Pistas Mouras, El Diario de San Pedro lo entrevist\u00f3.<\/p>\n<p>Junior cont\u00f3 que haber ganado esta carrera es algo que se vive muy pocas veces, porque ganar en este deporte es muy dif\u00edcil, m\u00e1s que nada porque es muy costoso, desde lo econ\u00f3mico, llegar al tipo de categor\u00eda en la que est\u00e1n.<br \/>\nOrgulloso, asegur\u00f3 que fue un trabajo en equipo \u201cToda la gente empuja, fue algo muy emocionante y buscado por todos\u201d.<br \/>\nAdem\u00e1s, destac\u00f3 el apoyo incondicional de su familia y esta herencia que lo apasiona: \u201cFue muy importante el apoyo de mi familia que estuvo siempre ligada al deporte motor. Cuando mi mam\u00e1 lo conoci\u00f3 a mi pap\u00e1 y se pusieron de novios, arrancaron su pasi\u00f3n por el automovilismo juntos. Mi mam\u00e1 corri\u00f3 conmigo en la panza hasta unos meses antes de nacer. Yo arranqu\u00e9 de muy chiquito, a los tres a\u00f1os ya corr\u00eda en carting en diferentes categor\u00edas, despu\u00e9s en auto. Mam\u00e9 desde muy chico lo que es el automovilismo\u201d.<\/p>\n<p>Desde lo personal, se describe como un piloto tranquilo, y nos confi\u00f3 que hasta minutos antes de la carrera estuvo tomando mates con los suyos. \u201cFue una carrera muy dura, no cometimos casi ning\u00fan error y fuimos una heladera arriba del auto. Cuid\u00e9 lo que ten\u00eda que cuidar y conseguimos la victoria\u201d asever\u00f3.<\/p>\n<p>Con respecto a la carrera en s\u00ed, luego de las pruebas del viernes, Junior dijo que no esperaba ganar, \u201cPero hicimos un trabajo muy detallado y el s\u00e1bado se demostr\u00f3 el trabajo del equipo entero para que los resultados se dieran el s\u00e1bado y el domingo\u201d.<br \/>\n\u201cFue la primera vez que pude ir un viernes, es una prueba oficial, pero se cobra aparte de la carrera, todo es plata en el automovilismo. Con el auto de carrera te ten\u00e9s que mover para juntar el presupuesto, son n\u00fameros elevados en esta categor\u00eda de mucho nivel. Estamos construyendo escal\u00f3n por escal\u00f3n, muy firmemente nuestro equipo. Se hace complicado conseguir los sponsors, pero gracias a Dios pudimos hacer el esfuerzo de ir el viernes y result\u00f3 como result\u00f3\u201d.<\/p>\n<p>\u00c9l le dedic\u00f3 esta victoria toda su familia, a toda la gente de San Pedro que lo acompa\u00f1a, a los sponsors, a todos los amigos y a todos los que aportan su granito de arena, sin olvidar a todo el equipo que -asegur\u00f3- hace que todo esto sea posible.<\/p>\n<p>Pr\u00f3xima fecha<br \/>\nLa pr\u00f3xima es el 2 de septiembre en Concepci\u00f3n de Uruguay Entre R\u00edos, \u201cOjal\u00e1 tengamos la suerte de estar presentes\u201d dese\u00f3 el joven deportista. \u201cEl a\u00f1o pasado ganamos all\u00ed la Copa Bora y este a\u00f1o tenemos muchas posibilidades de salir campeones, deber\u00eda sumar la mayor cantidad de puntos para ingresar la \u00faltima fecha como \u2018los 3 de \u00faltimo minuto\u2019, que ser\u00edan los puestos 13, 14 y 15. Yo ahora estoy 13. Y, con la fecha ganada, pelear\u00eda mano a mano por el t\u00edtulo con corredores como Lucas Granja, Montanari, etc. que son todos los que ganaron y entraron en el Play off\u201d.<\/p>\n<p><img decoding=\"async\" data-attachment-id=\"38609\" data-permalink=\"https:\/\/eldiariodesanpedro.com.ar\/sitio\/entrevista-a-junior-solmi-ganador-de-la-ultima-fecha-del-tc-pista-mouras\/whatsapp-image-2018-02-23-at-14-20-00\/\" data-orig-file=\"https:\/\/eldiariodesanpedro.com.ar\/sitio\/wp-content\/uploads\/2018\/08\/WhatsApp-Image-2018-02-23-at-14.20.00.jpeg\" data-orig-size=\"1338,886\" data-comments-opened=\"1\" data-image-meta=\"{&quot;aperture&quot;:&quot;0&quot;,&quot;credit&quot;:&quot;&quot;,&quot;camera&quot;:&quot;&quot;,&quot;caption&quot;:&quot;&quot;,&quot;created_timestamp&quot;:&quot;0&quot;,&quot;copyright&quot;:&quot;&quot;,&quot;focal_length&quot;:&quot;0&quot;,&quot;iso&quot;:&quot;0&quot;,&quot;shutter_speed&quot;:&quot;0&quot;,&quot;title&quot;:&quot;&quot;,&quot;orientation&quot;:&quot;0&quot;}\" data-image-title=\"WhatsApp Image 2018-02-23 at 14.20.00\" data-image-description=\"\" data-image-caption=\"\" data-large-file=\"https:\/\/eldiariodesanpedro.com.ar\/sitio\/wp-content\/uploads\/2018\/08\/WhatsApp-Image-2018-02-23-at-14.20.00-1024x678.jpeg\" class=\"alignnone size-large wp-image-38609 lazyload\" data-src=\"https:\/\/eldiariodesanpedro.com.ar\/sitio\/wp-content\/uploads\/2018\/08\/WhatsApp-Image-2018-02-23-at-14.20.00-1024x678.jpeg\" alt=\"\" width=\"660\" height=\"437\" data-srcset=\"https:\/\/eldiariodesanpedro.com.ar\/sitio\/wp-content\/uploads\/2018\/08\/WhatsApp-Image-2018-02-23-at-14.20.00-1024x678.jpeg 1024w, https:\/\/eldiariodesanpedro.com.ar\/sitio\/wp-content\/uploads\/2018\/08\/WhatsApp-Image-2018-02-23-at-14.20.00-300x199.jpeg 300w, https:\/\/eldiariodesanpedro.com.ar\/sitio\/wp-content\/uploads\/2018\/08\/WhatsApp-Image-2018-02-23-at-14.20.00-768x509.jpeg 768w, https:\/\/eldiariodesanpedro.com.ar\/sitio\/wp-content\/uploads\/2018\/08\/WhatsApp-Image-2018-02-23-at-14.20.00.jpeg 1338w\" data-sizes=\"(max-width: 660px) 100vw, 660px\" src=\"data:image\/svg+xml;base64,PHN2ZyB3aWR0aD0iMSIgaGVpZ2h0PSIxIiB4bWxucz0iaHR0cDovL3d3dy53My5vcmcvMjAwMC9zdmciPjwvc3ZnPg==\" style=\"--smush-placeholder-width: 660px; --smush-placeholder-aspect-ratio: 660\/437;\" \/><\/p>\n<p><iframe style=\"border: none; overflow: hidden;\" data-src=\"https:\/\/www.facebook.com\/plugins\/video.php?href=https%3A%2F%2Fwww.facebook.com%2Feldiario.desanpedro%2Fvideos%2F1104121549750220%2F&amp;show_text=0&amp;width=560\" width=\"560\" height=\"315\" frameborder=\"0\" scrolling=\"no\" allowfullscreen=\"allowfullscreen\" src=\"data:image\/svg+xml;base64,PHN2ZyB3aWR0aD0iMSIgaGVpZ2h0PSIxIiB4bWxucz0iaHR0cDovL3d3dy53My5vcmcvMjAwMC9zdmciPjwvc3ZnPg==\" class=\"lazyload\" data-load-mode=\"1\"><\/iframe><\/p>\n","protected":false},"excerpt":{"rendered":"<p>Con motivo de homenajear a Junior Solmi por la primera victoria del TC Pistas Mouras, El Diario de San Pedro lo entrevist\u00f3. Junior cont\u00f3 que haber ganado esta carrera es algo que se vive muy pocas veces, porque ganar en este deporte es muy dif\u00edcil, m\u00e1s que nada porque es muy costoso, desde lo econ\u00f3mico, [&hellip;]<\/p>\n","protected":false},"author":4,"featured_media":38610,"comment_status":"open","ping_status":"closed","sticky":false,"template":"","format":"standard","meta":{"om_disable_all_campaigns":false,"_jetpack_memberships_contains_paid_content":false,"footnotes":""},"categories":[101,2],"tags":[],"class_list":["post-38608","post","type-post","status-publish","format-standard","has-post-thumbnail","hentry","category-interes-general-locales","category-locales"],"aioseo_notices":[],"gutentor_comment":0,"jetpack_featured_media_url":"https:\/\/eldiariodesanpedro.com.ar\/sitio\/wp-content\/uploads\/2018\/08\/Junior-Solmi-1.jpg","jetpack_shortlink":"https:\/\/wp.me\/p6RhLt-a2I","jetpack_sharing_enabled":true,"_links":{"self":[{"href":"https:\/\/eldiariodesanpedro.com.ar\/sitio\/wp-json\/wp\/v2\/posts\/38608","targetHints":{"allow":["GET"]}}],"collection":[{"href":"https:\/\/eldiariodesanpedro.com.ar\/sitio\/wp-json\/wp\/v2\/posts"}],"about":[{"href":"https:\/\/eldiariodesanpedro.com.ar\/sitio\/wp-json\/wp\/v2\/types\/post"}],"author":[{"embeddable":true,"href":"https:\/\/eldiariodesanpedro.com.ar\/sitio\/wp-json\/wp\/v2\/users\/4"}],"replies":[{"embeddable":true,"href":"https:\/\/eldiariodesanpedro.com.ar\/sitio\/wp-json\/wp\/v2\/comments?post=38608"}],"version-history":[{"count":1,"href":"https:\/\/eldiariodesanpedro.com.ar\/sitio\/wp-json\/wp\/v2\/posts\/38608\/revisions"}],"predecessor-version":[{"id":38611,"href":"https:\/\/eldiariodesanpedro.com.ar\/sitio\/wp-json\/wp\/v2\/posts\/38608\/revisions\/38611"}],"wp:featuredmedia":[{"embeddable":true,"href":"https:\/\/eldiariodesanpedro.com.ar\/sitio\/wp-json\/wp\/v2\/media\/38610"}],"wp:attachment":[{"href":"https:\/\/eldiariodesanpedro.com.ar\/sitio\/wp-json\/wp\/v2\/media?parent=38608"}],"wp:term":[{"taxonomy":"category","embeddable":true,"href":"https:\/\/eldiariodesanpedro.com.ar\/sitio\/wp-json\/wp\/v2\/categories?post=38608"},{"taxonomy":"post_tag","embeddable":true,"href":"https:\/\/eldiariodesanpedro.com.ar\/sitio\/wp-json\/wp\/v2\/tags?post=38608"}],"curies":[{"name":"wp","href":"https:\/\/api.w.org\/{rel}","templated":true}]}}