{"id":38598,"date":"2018-08-17T16:43:30","date_gmt":"2018-08-17T19:43:30","guid":{"rendered":"https:\/\/eldiariodesanpedro.com.ar\/sitio\/?p=38598"},"modified":"2018-08-17T16:43:30","modified_gmt":"2018-08-17T19:43:30","slug":"jornada-del-organismo-provincial-de-la-ninez","status":"publish","type":"post","link":"https:\/\/eldiariodesanpedro.com.ar\/sitio\/jornada-del-organismo-provincial-de-la-ninez\/","title":{"rendered":"Jornada del Organismo Provincial de la Ni\u00f1ez"},"content":{"rendered":"<p><!-- VideographyWP Plugin Message: Automatic video embedding prevented by plugin options. --><br \/>\nLa Municipalidad de San Pedro a trav\u00e9s de la Secretar\u00eda de Desarrollo Humano y el Instituto Domingo Faustino Sarmiento ser\u00e1n anfitriones de la jornada organizada por el Organismo Provincial de la Ni\u00f1ez y Adolescencia para la Formaci\u00f3n de Cuidadores y Educadores de NNyA en Instituciones de Cuidado Alternativo.<\/p>\n<p>La actividad se desarrollar\u00e1 en la Casona de Turismo en Mitre y Linieres el pr\u00f3ximo 22 de agosto desde las 9 a las 17 con la participaci\u00f3n de profesionales de la actividad que asistir\u00e1n a la charla a cargo del Licenciado Mart\u00edn Paolini. <\/p>\n<p>El taller apunta a fortalecer las capacidades de cuidado desde un espacio de intercambio, reflexi\u00f3n y formaci\u00f3n sobre pr\u00e1cticas pedag\u00f3gicas orientadas a criterios comunes de intervenci\u00f3n.<\/p>\n<p>Han sido invitados a la actividad, referentes de la administraci\u00f3n p\u00fablica, municipal (Servicio local), provincial (Zonal) afectados al acompa\u00f1amiento de instituciones convivenciales del distrito, Casas de Abrigo y personal de hogares convivenciales.<\/p>\n<p>El Organismo Provincial de la Ni\u00f1ez y Adolescencia se encarga de dise\u00f1ar y ejecutar pol\u00edticas de promoci\u00f3n y protecci\u00f3n de los derechos de los ni\u00f1os, ni\u00f1as y adolescentes; trabaja en favorecer la participaci\u00f3n y el compromiso social de las familias y los dirigentes sociales en relaci\u00f3n a la ni\u00f1ez y la adolescencia; promueve y asesora a los municipios en el desarrollo de servicios locales y los procesos de transformaci\u00f3n institucional; coordina la aplicaci\u00f3n de pol\u00edticas de responsabilidad penal juvenil, dentro del marco de lo establecido por los convenios y leyes internacionales.<\/p>\n","protected":false},"excerpt":{"rendered":"<p>La Municipalidad de San Pedro a trav\u00e9s de la Secretar\u00eda de Desarrollo Humano y el Instituto Domingo Faustino Sarmiento ser\u00e1n anfitriones de la jornada organizada por el Organismo Provincial de la Ni\u00f1ez y Adolescencia para la Formaci\u00f3n de Cuidadores y Educadores de NNyA en Instituciones de Cuidado Alternativo. La actividad se desarrollar\u00e1 en la Casona [&hellip;]<\/p>\n","protected":false},"author":4,"featured_media":12664,"comment_status":"open","ping_status":"closed","sticky":false,"template":"","format":"standard","meta":{"om_disable_all_campaigns":false,"_jetpack_memberships_contains_paid_content":false,"footnotes":""},"categories":[101,2],"tags":[],"class_list":["post-38598","post","type-post","status-publish","format-standard","has-post-thumbnail","hentry","category-interes-general-locales","category-locales"],"aioseo_notices":[],"gutentor_comment":0,"jetpack_featured_media_url":"https:\/\/eldiariodesanpedro.com.ar\/sitio\/wp-content\/uploads\/2017\/01\/nueva-Direcci\u00f3n-de-Turismo.jpg","jetpack_shortlink":"https:\/\/wp.me\/p6RhLt-a2y","jetpack_sharing_enabled":true,"_links":{"self":[{"href":"https:\/\/eldiariodesanpedro.com.ar\/sitio\/wp-json\/wp\/v2\/posts\/38598","targetHints":{"allow":["GET"]}}],"collection":[{"href":"https:\/\/eldiariodesanpedro.com.ar\/sitio\/wp-json\/wp\/v2\/posts"}],"about":[{"href":"https:\/\/eldiariodesanpedro.com.ar\/sitio\/wp-json\/wp\/v2\/types\/post"}],"author":[{"embeddable":true,"href":"https:\/\/eldiariodesanpedro.com.ar\/sitio\/wp-json\/wp\/v2\/users\/4"}],"replies":[{"embeddable":true,"href":"https:\/\/eldiariodesanpedro.com.ar\/sitio\/wp-json\/wp\/v2\/comments?post=38598"}],"version-history":[{"count":1,"href":"https:\/\/eldiariodesanpedro.com.ar\/sitio\/wp-json\/wp\/v2\/posts\/38598\/revisions"}],"predecessor-version":[{"id":38599,"href":"https:\/\/eldiariodesanpedro.com.ar\/sitio\/wp-json\/wp\/v2\/posts\/38598\/revisions\/38599"}],"wp:featuredmedia":[{"embeddable":true,"href":"https:\/\/eldiariodesanpedro.com.ar\/sitio\/wp-json\/wp\/v2\/media\/12664"}],"wp:attachment":[{"href":"https:\/\/eldiariodesanpedro.com.ar\/sitio\/wp-json\/wp\/v2\/media?parent=38598"}],"wp:term":[{"taxonomy":"category","embeddable":true,"href":"https:\/\/eldiariodesanpedro.com.ar\/sitio\/wp-json\/wp\/v2\/categories?post=38598"},{"taxonomy":"post_tag","embeddable":true,"href":"https:\/\/eldiariodesanpedro.com.ar\/sitio\/wp-json\/wp\/v2\/tags?post=38598"}],"curies":[{"name":"wp","href":"https:\/\/api.w.org\/{rel}","templated":true}]}}