{"id":38595,"date":"2018-08-17T16:36:10","date_gmt":"2018-08-17T19:36:10","guid":{"rendered":"https:\/\/eldiariodesanpedro.com.ar\/sitio\/?p=38595"},"modified":"2018-08-17T18:59:07","modified_gmt":"2018-08-17T21:59:07","slug":"emotivo-adios-a-toto-riva-hasta-siempre-gran-bailarin","status":"publish","type":"post","link":"https:\/\/eldiariodesanpedro.com.ar\/sitio\/emotivo-adios-a-toto-riva-hasta-siempre-gran-bailarin\/","title":{"rendered":"Emotivo adi\u00f3s a Toto Riva, hasta siempre gran bailar\u00edn"},"content":{"rendered":"<p><!-- VideographyWP Plugin Message: Automatic video embedding prevented by plugin options. --><br \/>\nEn la ma\u00f1ana de este jueves nos enteramos de la partida del se\u00f1or Enrique \u201cToto\u201d Rivas, a los 81 a\u00f1os nacido en la vecina ciudad de Baradero un 14 de agosto de 1937, actualmente viviendo en San Pedro junto a su hijo Cristhian, bailar\u00edn tanguero que supo deleitar a baradenses y sampedrinos con su baile junto a su pareja Nelly Men\u00e9ndez. <\/p>\n<p>  Qui\u00e9n de nuestros mayores no bail\u00f3 un tango con \u00e9l, o se deleit\u00f3 al verlo bailar siempre con su elegancia y simpat\u00eda.<br \/>\n  En la d\u00e9cada del 90 tuvo su tanguer\u00eda en calle Salta y Caseros de la ciudad de San Pedro \u201cEsquina de Tango\u201d, para luego trasladarse a calle Mitre 1170 donde hoy su hijo Claudio tiene un sal\u00f3n de fiestas.<\/p>\n<p>  Finales del 73 principio del 74 junto a \u201cTiti\u201d Bordoli en la ciudad de Baradero inauguran \u201cLa Curva del Tango\u201d una pista de baile al aire libre de 446 metros cuadrados, en la esquina de Mariano Moreno y Carrasco lugar conocido por la gente de la vecina localidad.<\/p>\n<p>  \u201cToto\u201d, bailar\u00edn consumado, estaba en su salsa bailando en la apertura de cada noche y atendiendo a los muchos concurrentes que iban llegando.<br \/>\n  La despedida fue en una cocher\u00eda c\u00e9ntrica en las primeras horas de la tarde de ayer, Pepe Dileo con su acorde\u00f3n y su se\u00f1ora Mary entonaron su tema preferido La Cumparcita, donde Carlitos Ferreyra y Susana Mirri bailaron en su homenaje.<\/p>\n<p>  Seguidamente fue cantando un Tango escrito a\u00f1os atr\u00e1s por Cachito Pascual \u201cVamos Toto viejo\u201d cantado por su amigo Blackie de la Biela y el p\u00fablico que se encontraba en el momento.<\/p>\n<p>  Fue despedido con un fuerte aplauso \u201cHasta siempre Gran Bailar\u00edn, nos faltar\u00e1s en las milongas, con tu luz y tu m\u00e1gico encanto arrabal\u201d<\/p>\n<p>VAMOS TOTO VIEJO !!!<\/p>\n<p>Hoy late mi Argentina, te doy mi espaldarazo<br \/>\nPor eso este tangazo te quiero dedicar<br \/>\na vos querido Toto que fuiste Gran Amigo<br \/>\ny el p\u00fablico es testigo de tu leal Amistad.<\/p>\n<p>Al crecer espesaste mirando de tus viejos<br \/>\nesas viejas quebradas, que te sabias mandar<br \/>\ny de ellos heredaste aquel comp\u00e1s a\u00f1ejo<br \/>\nque con talento y gracia supiste asimilar.<\/p>\n<p>En tu vida has logrado un \u00e9xito importante<br \/>\ncon aplausos vibrantes palpita a flor de piel<br \/>\nal lado tuyo luce esa piba elegante<br \/>\nque es Nelly la Morocha tu compa\u00f1era fiel.<\/p>\n<p>Vamos Toto viejo que la gente espera<br \/>\naquella manera tuya de bailar<br \/>\nvamos que las manos a aplaudir se prestan<br \/>\ny toda la orquesta comienza a tocar.<\/p>\n<p>Que brillante herencia te han dado tus padres<br \/>\nsiempre donde cuadras sabr\u00e1s demostrar<br \/>\nque junto a Nelly Morocha de rango<br \/>\ncon cortes de Tango sal\u00eds a Triunfar\u2026<\/p>\n<p>Vamos Toto viejo que la gente espera<br \/>\naquella manera tuya de bailar<br \/>\nvamos que las manos a aplaudir se prestan<br \/>\ny toda la orquesta comienza a tocar<\/p>\n","protected":false},"excerpt":{"rendered":"<p>En la ma\u00f1ana de este jueves nos enteramos de la partida del se\u00f1or Enrique \u201cToto\u201d Rivas, a los 81 a\u00f1os nacido en la vecina ciudad de Baradero un 14 de agosto de 1937, actualmente viviendo en San Pedro junto a su hijo Cristhian, bailar\u00edn tanguero que supo deleitar a baradenses y sampedrinos con su baile [&hellip;]<\/p>\n","protected":false},"author":4,"featured_media":38596,"comment_status":"open","ping_status":"closed","sticky":false,"template":"","format":"standard","meta":{"om_disable_all_campaigns":false,"_jetpack_memberships_contains_paid_content":false,"footnotes":""},"categories":[101,2],"tags":[],"class_list":["post-38595","post","type-post","status-publish","format-standard","has-post-thumbnail","hentry","category-interes-general-locales","category-locales"],"aioseo_notices":[],"gutentor_comment":1,"jetpack_featured_media_url":"https:\/\/eldiariodesanpedro.com.ar\/sitio\/wp-content\/uploads\/2018\/08\/WhatsApp-Image-2018-08-17-at-10.19.04.jpeg","jetpack_shortlink":"https:\/\/wp.me\/p6RhLt-a2v","jetpack_sharing_enabled":true,"_links":{"self":[{"href":"https:\/\/eldiariodesanpedro.com.ar\/sitio\/wp-json\/wp\/v2\/posts\/38595","targetHints":{"allow":["GET"]}}],"collection":[{"href":"https:\/\/eldiariodesanpedro.com.ar\/sitio\/wp-json\/wp\/v2\/posts"}],"about":[{"href":"https:\/\/eldiariodesanpedro.com.ar\/sitio\/wp-json\/wp\/v2\/types\/post"}],"author":[{"embeddable":true,"href":"https:\/\/eldiariodesanpedro.com.ar\/sitio\/wp-json\/wp\/v2\/users\/4"}],"replies":[{"embeddable":true,"href":"https:\/\/eldiariodesanpedro.com.ar\/sitio\/wp-json\/wp\/v2\/comments?post=38595"}],"version-history":[{"count":3,"href":"https:\/\/eldiariodesanpedro.com.ar\/sitio\/wp-json\/wp\/v2\/posts\/38595\/revisions"}],"predecessor-version":[{"id":38618,"href":"https:\/\/eldiariodesanpedro.com.ar\/sitio\/wp-json\/wp\/v2\/posts\/38595\/revisions\/38618"}],"wp:featuredmedia":[{"embeddable":true,"href":"https:\/\/eldiariodesanpedro.com.ar\/sitio\/wp-json\/wp\/v2\/media\/38596"}],"wp:attachment":[{"href":"https:\/\/eldiariodesanpedro.com.ar\/sitio\/wp-json\/wp\/v2\/media?parent=38595"}],"wp:term":[{"taxonomy":"category","embeddable":true,"href":"https:\/\/eldiariodesanpedro.com.ar\/sitio\/wp-json\/wp\/v2\/categories?post=38595"},{"taxonomy":"post_tag","embeddable":true,"href":"https:\/\/eldiariodesanpedro.com.ar\/sitio\/wp-json\/wp\/v2\/tags?post=38595"}],"curies":[{"name":"wp","href":"https:\/\/api.w.org\/{rel}","templated":true}]}}