{"id":38591,"date":"2018-08-18T08:00:01","date_gmt":"2018-08-18T11:00:01","guid":{"rendered":"https:\/\/eldiariodesanpedro.com.ar\/sitio\/?p=38591"},"modified":"2018-08-18T15:11:38","modified_gmt":"2018-08-18T18:11:38","slug":"raffaello-camperas-de-diseno-buenos-aires-hoy-y-manana-en-san-pedro","status":"publish","type":"post","link":"https:\/\/eldiariodesanpedro.com.ar\/sitio\/raffaello-camperas-de-diseno-buenos-aires-hoy-y-manana-en-san-pedro\/","title":{"rendered":"Raffaello camperas de dise\u00f1o Buenos Aires: Hoy y ma\u00f1ana en San Pedro"},"content":{"rendered":"<p><!-- VideographyWP Plugin Message: Automatic video embedding prevented by plugin options. --><br \/>\nUna invitaci\u00f3n muy especial para todas las mujeres; es que Raffaello By Cesar Franco, marca reconocida de Buenos Aires que confecciona hace 12 a\u00f1os camperas y abrigos de dise\u00f1os exclusivos en cueros, sedas, brocatos, vuelve a San Pedro con la venta exclusiva de su colecci\u00f3n 2018. La visita es hoy s\u00e1bado y ma\u00f1ana domingo en Juan B Justo 177 (entre Pellegrini y Salta) de 16 a 21 hs. Un showroom lleno de dise\u00f1o y modelos para todos los gustos y edades. \u00danicos dos d\u00edas del a\u00f1o. <\/p>\n<p>Raffaello ofrecer\u00e1 precios s\u00faper especiales por el lanzamiento de las nuevas camperas, tarjetas hasta doce pagos y todos los talles para una mujer real.<br \/>\nCamperas, tapados, chaquetas para todos los d\u00edas y cualquier ocasi\u00f3n. Los g\u00e9neros est\u00e1n combinados con cueros, sedas, brocatos, jersey, terciopelos, piel eco y mucho m\u00e1s. <\/p>\n<p>Hay con capucha, sin capucha, s\u00faper impermeables, m\u00e1s cl\u00e1sicos, jugados, con mucho brillo. Dorados, negro absoluto, tierras, animal print, blanco y negro chanel, rojo valentino, azules; ser\u00e1n algunos de los colores. Uno de los objetivos es que cada campera se acomode para lucir en el trabajo, una cena con amigas o una fiesta.  <\/p>\n<p>Una muy buena oportunidad: hoy s\u00e1bado y ma\u00f1ana domingo en Juan B Justo 177 (Pellegrini y Salta) de 16 a 21 hs. Venta exclusiva camperas y abrigos de dise\u00f1o. Entrada gratuita. No te lo pierdas!  <\/p>\n<p><img decoding=\"async\" data-attachment-id=\"38593\" data-permalink=\"https:\/\/eldiariodesanpedro.com.ar\/sitio\/raffaello-camperas-de-diseno-buenos-aires-hoy-y-manana-en-san-pedro\/pi\/\" data-orig-file=\"https:\/\/eldiariodesanpedro.com.ar\/sitio\/wp-content\/uploads\/2018\/08\/PI.jpg\" data-orig-size=\"610,960\" data-comments-opened=\"1\" data-image-meta=\"{&quot;aperture&quot;:&quot;0&quot;,&quot;credit&quot;:&quot;&quot;,&quot;camera&quot;:&quot;&quot;,&quot;caption&quot;:&quot;&quot;,&quot;created_timestamp&quot;:&quot;0&quot;,&quot;copyright&quot;:&quot;&quot;,&quot;focal_length&quot;:&quot;0&quot;,&quot;iso&quot;:&quot;0&quot;,&quot;shutter_speed&quot;:&quot;0&quot;,&quot;title&quot;:&quot;&quot;,&quot;orientation&quot;:&quot;0&quot;}\" data-image-title=\"PI\" data-image-description=\"\" data-image-caption=\"\" data-large-file=\"https:\/\/eldiariodesanpedro.com.ar\/sitio\/wp-content\/uploads\/2018\/08\/PI.jpg\" data-src=\"https:\/\/eldiariodesanpedro.com.ar\/sitio\/wp-content\/uploads\/2018\/08\/PI.jpg\" alt=\"\" width=\"610\" height=\"960\" class=\"alignnone size-full wp-image-38593 lazyload\" data-srcset=\"https:\/\/eldiariodesanpedro.com.ar\/sitio\/wp-content\/uploads\/2018\/08\/PI.jpg 610w, https:\/\/eldiariodesanpedro.com.ar\/sitio\/wp-content\/uploads\/2018\/08\/PI-191x300.jpg 191w\" data-sizes=\"(max-width: 610px) 100vw, 610px\" src=\"data:image\/svg+xml;base64,PHN2ZyB3aWR0aD0iMSIgaGVpZ2h0PSIxIiB4bWxucz0iaHR0cDovL3d3dy53My5vcmcvMjAwMC9zdmciPjwvc3ZnPg==\" style=\"--smush-placeholder-width: 610px; --smush-placeholder-aspect-ratio: 610\/960;\" \/><\/p>\n","protected":false},"excerpt":{"rendered":"<p>Una invitaci\u00f3n muy especial para todas las mujeres; es que Raffaello By Cesar Franco, marca reconocida de Buenos Aires que confecciona hace 12 a\u00f1os camperas y abrigos de dise\u00f1os exclusivos en cueros, sedas, brocatos, vuelve a San Pedro con la venta exclusiva de su colecci\u00f3n 2018. La visita es hoy s\u00e1bado y ma\u00f1ana domingo en [&hellip;]<\/p>\n","protected":false},"author":4,"featured_media":38592,"comment_status":"open","ping_status":"closed","sticky":false,"template":"","format":"standard","meta":{"om_disable_all_campaigns":false,"_jetpack_memberships_contains_paid_content":false,"footnotes":""},"categories":[101,2],"tags":[],"class_list":["post-38591","post","type-post","status-publish","format-standard","has-post-thumbnail","hentry","category-interes-general-locales","category-locales"],"aioseo_notices":[],"gutentor_comment":0,"jetpack_featured_media_url":"https:\/\/eldiariodesanpedro.com.ar\/sitio\/wp-content\/uploads\/2018\/08\/FOTO-D.jpg","jetpack_shortlink":"https:\/\/wp.me\/p6RhLt-a2r","jetpack_sharing_enabled":true,"_links":{"self":[{"href":"https:\/\/eldiariodesanpedro.com.ar\/sitio\/wp-json\/wp\/v2\/posts\/38591","targetHints":{"allow":["GET"]}}],"collection":[{"href":"https:\/\/eldiariodesanpedro.com.ar\/sitio\/wp-json\/wp\/v2\/posts"}],"about":[{"href":"https:\/\/eldiariodesanpedro.com.ar\/sitio\/wp-json\/wp\/v2\/types\/post"}],"author":[{"embeddable":true,"href":"https:\/\/eldiariodesanpedro.com.ar\/sitio\/wp-json\/wp\/v2\/users\/4"}],"replies":[{"embeddable":true,"href":"https:\/\/eldiariodesanpedro.com.ar\/sitio\/wp-json\/wp\/v2\/comments?post=38591"}],"version-history":[{"count":1,"href":"https:\/\/eldiariodesanpedro.com.ar\/sitio\/wp-json\/wp\/v2\/posts\/38591\/revisions"}],"predecessor-version":[{"id":38594,"href":"https:\/\/eldiariodesanpedro.com.ar\/sitio\/wp-json\/wp\/v2\/posts\/38591\/revisions\/38594"}],"wp:featuredmedia":[{"embeddable":true,"href":"https:\/\/eldiariodesanpedro.com.ar\/sitio\/wp-json\/wp\/v2\/media\/38592"}],"wp:attachment":[{"href":"https:\/\/eldiariodesanpedro.com.ar\/sitio\/wp-json\/wp\/v2\/media?parent=38591"}],"wp:term":[{"taxonomy":"category","embeddable":true,"href":"https:\/\/eldiariodesanpedro.com.ar\/sitio\/wp-json\/wp\/v2\/categories?post=38591"},{"taxonomy":"post_tag","embeddable":true,"href":"https:\/\/eldiariodesanpedro.com.ar\/sitio\/wp-json\/wp\/v2\/tags?post=38591"}],"curies":[{"name":"wp","href":"https:\/\/api.w.org\/{rel}","templated":true}]}}