{"id":38588,"date":"2018-08-17T16:14:31","date_gmt":"2018-08-17T19:14:31","guid":{"rendered":"https:\/\/eldiariodesanpedro.com.ar\/sitio\/?p=38588"},"modified":"2018-08-17T16:14:31","modified_gmt":"2018-08-17T19:14:31","slug":"taller-escolar-de-nutricion-saludable","status":"publish","type":"post","link":"https:\/\/eldiariodesanpedro.com.ar\/sitio\/taller-escolar-de-nutricion-saludable\/","title":{"rendered":"Taller Escolar de Nutrici\u00f3n Saludable"},"content":{"rendered":"<p><!-- VideographyWP Plugin Message: Automatic video embedding prevented by plugin options. --><br \/>\nRepresentantes de la Secretar\u00eda de Desarrollo Humano y la Secretar\u00eda de Salud contin\u00faan compartiendo con comunidades educativas charlas did\u00e1cticas con los ni\u00f1os y sus docentes. El jueves la actividad lleg\u00f3 a la Escuela de Bajo Tala con una charla sobre Nutrici\u00f3n Saludable. Estuvieron a cargo de la misma, la Nutricionista Licenciada Cecilia Prego y la Trabajadora Social, Licenciada Florencia Cuesta.<\/p>\n","protected":false},"excerpt":{"rendered":"<p>Representantes de la Secretar\u00eda de Desarrollo Humano y la Secretar\u00eda de Salud contin\u00faan compartiendo con comunidades educativas charlas did\u00e1cticas con los ni\u00f1os y sus docentes. El jueves la actividad lleg\u00f3 a la Escuela de Bajo Tala con una charla sobre Nutrici\u00f3n Saludable. Estuvieron a cargo de la misma, la Nutricionista Licenciada Cecilia Prego y la [&hellip;]<\/p>\n","protected":false},"author":4,"featured_media":38589,"comment_status":"open","ping_status":"closed","sticky":false,"template":"","format":"standard","meta":{"om_disable_all_campaigns":false,"_jetpack_memberships_contains_paid_content":false,"footnotes":""},"categories":[101,2],"tags":[],"class_list":["post-38588","post","type-post","status-publish","format-standard","has-post-thumbnail","hentry","category-interes-general-locales","category-locales"],"aioseo_notices":[],"gutentor_comment":0,"jetpack_featured_media_url":"https:\/\/eldiariodesanpedro.com.ar\/sitio\/wp-content\/uploads\/2018\/08\/pastedImage-5-1.png","jetpack_shortlink":"https:\/\/wp.me\/p6RhLt-a2o","jetpack_sharing_enabled":true,"_links":{"self":[{"href":"https:\/\/eldiariodesanpedro.com.ar\/sitio\/wp-json\/wp\/v2\/posts\/38588","targetHints":{"allow":["GET"]}}],"collection":[{"href":"https:\/\/eldiariodesanpedro.com.ar\/sitio\/wp-json\/wp\/v2\/posts"}],"about":[{"href":"https:\/\/eldiariodesanpedro.com.ar\/sitio\/wp-json\/wp\/v2\/types\/post"}],"author":[{"embeddable":true,"href":"https:\/\/eldiariodesanpedro.com.ar\/sitio\/wp-json\/wp\/v2\/users\/4"}],"replies":[{"embeddable":true,"href":"https:\/\/eldiariodesanpedro.com.ar\/sitio\/wp-json\/wp\/v2\/comments?post=38588"}],"version-history":[{"count":1,"href":"https:\/\/eldiariodesanpedro.com.ar\/sitio\/wp-json\/wp\/v2\/posts\/38588\/revisions"}],"predecessor-version":[{"id":38590,"href":"https:\/\/eldiariodesanpedro.com.ar\/sitio\/wp-json\/wp\/v2\/posts\/38588\/revisions\/38590"}],"wp:featuredmedia":[{"embeddable":true,"href":"https:\/\/eldiariodesanpedro.com.ar\/sitio\/wp-json\/wp\/v2\/media\/38589"}],"wp:attachment":[{"href":"https:\/\/eldiariodesanpedro.com.ar\/sitio\/wp-json\/wp\/v2\/media?parent=38588"}],"wp:term":[{"taxonomy":"category","embeddable":true,"href":"https:\/\/eldiariodesanpedro.com.ar\/sitio\/wp-json\/wp\/v2\/categories?post=38588"},{"taxonomy":"post_tag","embeddable":true,"href":"https:\/\/eldiariodesanpedro.com.ar\/sitio\/wp-json\/wp\/v2\/tags?post=38588"}],"curies":[{"name":"wp","href":"https:\/\/api.w.org\/{rel}","templated":true}]}}