{"id":38578,"date":"2018-08-17T10:24:49","date_gmt":"2018-08-17T13:24:49","guid":{"rendered":"https:\/\/eldiariodesanpedro.com.ar\/sitio\/?p=38578"},"modified":"2018-08-17T10:24:49","modified_gmt":"2018-08-17T13:24:49","slug":"se-celebro-los-25-anos-del-jardin-912-y-el-dia-del-nino-en-vuelta-de-obligado","status":"publish","type":"post","link":"https:\/\/eldiariodesanpedro.com.ar\/sitio\/se-celebro-los-25-anos-del-jardin-912-y-el-dia-del-nino-en-vuelta-de-obligado\/","title":{"rendered":"Se celebr\u00f3 los 25 a\u00f1os del jard\u00edn 912 y el dia del ni\u00f1o en Vuelta de Obligado"},"content":{"rendered":"<p><!-- VideographyWP Plugin Message: Automatic video embedding prevented by plugin options. --><br \/>\nLa comisi\u00f3n de Fomento en conjunto con la comunidad de la vecina localidad de Vuelta de Obligado celebr\u00f3 este jueves el aniversario n\u00famero 25 del jard\u00edn adem\u00e1s al mismo tiempo se aprovech\u00f3 el momento para festejar el dia del ni\u00f1o.<\/p>\n<p>Este jueves en Vuelta de Obligado se realizo el evento de la que pudieron participar todos los alumnos, docentes y directivos del Jard\u00edn 912 y Escuela 15, Familias, Vecinos.<\/p>\n<p>Desde la representantes de la comisi\u00f3n publicaron a trav\u00e9s de las redes sociales: \u00abGracias a nuestra asistente social del \u00e1rea de Salud Cintia Oliveto que nos acompa\u00f1\u00f3 desde el momento cero, Jugueter\u00eda \u00abLa Bomba\u00bb (Gracias Mar\u00eda) a la Secretar\u00eda de Desarrollo Humano Karina Chiarella, a Fernando Gabriel Negrete, a Luis Mar\u00eda Rodr\u00edguez (Director de Deportes) a las Concejales Andrea Maroli Ver\u00f3nica L\u00f3pez y Mar\u00eda Florencia S\u00e1nchez, Al delegado de Gobernador Castro \u00c1ngel \u00c1lvarez, al Secretario de Obras y Servicios P\u00fablicos Ariel Hernan Alvarez, a Vilma Gonzalez (enfermera), Lorena Elgoyhen (\u00c1rea de Salud), Panader\u00eda La Casita del Pan (Gobernador Castro), a Jorge y Ada (por la actuaci\u00f3n del payaso), Distribuidora Aeginio, Jorge (Prest\u00f3 luz), Parrilla Los 3 Totos (prest\u00f3 tablones y sillas), Hugo Borda y a todos los vecinos que acompa\u00f1aron y colaboraron!<br \/>\nGracias Compa\u00f1eros de la Comisi\u00f3n de Fomento!\u00bb<\/p>\n","protected":false},"excerpt":{"rendered":"<p>La comisi\u00f3n de Fomento en conjunto con la comunidad de la vecina localidad de Vuelta de Obligado celebr\u00f3 este jueves el aniversario n\u00famero 25 del jard\u00edn adem\u00e1s al mismo tiempo se aprovech\u00f3 el momento para festejar el dia del ni\u00f1o. Este jueves en Vuelta de Obligado se realizo el evento de la que pudieron participar [&hellip;]<\/p>\n","protected":false},"author":4,"featured_media":38579,"comment_status":"open","ping_status":"closed","sticky":false,"template":"","format":"standard","meta":{"om_disable_all_campaigns":false,"_jetpack_memberships_contains_paid_content":false,"footnotes":""},"categories":[101,2],"tags":[],"class_list":["post-38578","post","type-post","status-publish","format-standard","has-post-thumbnail","hentry","category-interes-general-locales","category-locales"],"aioseo_notices":[],"gutentor_comment":0,"jetpack_featured_media_url":"https:\/\/eldiariodesanpedro.com.ar\/sitio\/wp-content\/uploads\/2018\/08\/39243180_10156709982563675_311191005028155392_n.jpg","jetpack_shortlink":"https:\/\/wp.me\/p6RhLt-a2e","jetpack_sharing_enabled":true,"_links":{"self":[{"href":"https:\/\/eldiariodesanpedro.com.ar\/sitio\/wp-json\/wp\/v2\/posts\/38578","targetHints":{"allow":["GET"]}}],"collection":[{"href":"https:\/\/eldiariodesanpedro.com.ar\/sitio\/wp-json\/wp\/v2\/posts"}],"about":[{"href":"https:\/\/eldiariodesanpedro.com.ar\/sitio\/wp-json\/wp\/v2\/types\/post"}],"author":[{"embeddable":true,"href":"https:\/\/eldiariodesanpedro.com.ar\/sitio\/wp-json\/wp\/v2\/users\/4"}],"replies":[{"embeddable":true,"href":"https:\/\/eldiariodesanpedro.com.ar\/sitio\/wp-json\/wp\/v2\/comments?post=38578"}],"version-history":[{"count":1,"href":"https:\/\/eldiariodesanpedro.com.ar\/sitio\/wp-json\/wp\/v2\/posts\/38578\/revisions"}],"predecessor-version":[{"id":38580,"href":"https:\/\/eldiariodesanpedro.com.ar\/sitio\/wp-json\/wp\/v2\/posts\/38578\/revisions\/38580"}],"wp:featuredmedia":[{"embeddable":true,"href":"https:\/\/eldiariodesanpedro.com.ar\/sitio\/wp-json\/wp\/v2\/media\/38579"}],"wp:attachment":[{"href":"https:\/\/eldiariodesanpedro.com.ar\/sitio\/wp-json\/wp\/v2\/media?parent=38578"}],"wp:term":[{"taxonomy":"category","embeddable":true,"href":"https:\/\/eldiariodesanpedro.com.ar\/sitio\/wp-json\/wp\/v2\/categories?post=38578"},{"taxonomy":"post_tag","embeddable":true,"href":"https:\/\/eldiariodesanpedro.com.ar\/sitio\/wp-json\/wp\/v2\/tags?post=38578"}],"curies":[{"name":"wp","href":"https:\/\/api.w.org\/{rel}","templated":true}]}}