{"id":38574,"date":"2018-08-17T10:07:06","date_gmt":"2018-08-17T13:07:06","guid":{"rendered":"https:\/\/eldiariodesanpedro.com.ar\/sitio\/?p=38574"},"modified":"2018-08-17T10:07:06","modified_gmt":"2018-08-17T13:07:06","slug":"san-martin-una-conducta-a-imitar-por-lic-americo-e-piccagli","status":"publish","type":"post","link":"https:\/\/eldiariodesanpedro.com.ar\/sitio\/san-martin-una-conducta-a-imitar-por-lic-americo-e-piccagli\/","title":{"rendered":"\u00abSAN MART\u00cdN UNA CONDUCTA A IMITAR\u00bb Por: Lic. Am\u00e9rico E. Piccagli"},"content":{"rendered":"<p><!-- VideographyWP Plugin Message: Automatic video embedding prevented by plugin options. --><br \/>\nEn esta semana los argentinos rendimos homenaje a la intachable memoria del Gran Capit\u00e1n, aunque muchos ignoren hechos importantes de su trayectoria que han quedado en la penumbra. De all\u00ed estas l\u00edneas, que tienen la pretensi\u00f3n de homenajearlo, destacando un comportamiento, que los documentos dicen textualmente cual ha sido su conducta.<\/p>\n<p>La historia estudiada con pasi\u00f3n e interpretada de acuerdo a los documentos que as\u00ed la acreditan, tarde o temprano pone al descubierto las perversas actitudes de aquellos que, por razones pol\u00edticas juegan con la intriga o la maledicencia, hacia quienes consideran sus eventuales adversarios m\u00e1s dif\u00edciles de la pol\u00edtica que tratan de imponer.<\/p>\n<p>Este pensamiento trae a mi memoria lo ocurrido con San Mart\u00edn, cuando debi\u00f3 alejarse del escenario que lo hab\u00eda tenido como el m\u00e1s grande de los militares de la naciente naci\u00f3n, buscando el reposo y tranquilidad que no ten\u00eda en su propio suelo, a fin de evitar, la inquina de algunos hombres que en aquel momento dominaban la pol\u00edtica, ejerciendo un poder que no contaba con el apoyo del interior, cuyos importantes personajes como Estanislao L\u00f3pez, Facundo Quiroga (el tigre de los llanos), por solo mencionar algunos, salieron al cruce respaldaron al libertador y se ofrecieron para protegerlo. <\/p>\n<p>Ello hizo que se sospechara de un acuerdo con aquellos caudillos del federalismo. Chismes que hicieron que Rivadavia, \u201cimportador del pedantismo\u201d al decir del general Tom\u00e1s de Iriarte, iniciara una campa\u00f1a destinada a desprestigiar al personaje que hab\u00eda liberado tres naciones.<\/p>\n<p>Las propias conexiones que Rivadavia ten\u00eda en Europa, hicieron que se le considerara inicialmente all\u00e1, como una persona indeseable y sospechosa. El propio San Mart\u00edn en carta a Vicente Chilavert le confiesa haber \u201cfigurado demasiado en la revoluci\u00f3n para que me dejen vivir en tranquilidad\u201d. Al tomar distancia del escenario, el Libertador pensaba que al haber atravesado el Atl\u00e1ntico, sus aguas ahogar\u00edan las \u201cinnobles pasiones de los enemigos de un viejo patriota\u201d, seg\u00fan sus palabras Contra todas sus esperanzas, el fanatismo ideol\u00f3gico del gobernante argentino de ese momento,<br \/>\ncontinuaba con sus ataques a trav\u00e9s de las conexiones con un agente vinculado en el ministerio franc\u00e9s, urdiendo intrigas y hostilidades. Raz\u00f3n por la cual San Mart\u00edn expres\u00f3: \u201cNo s\u00e9 ya que l\u00ednea de conducta seguir, pues hasta la de vivir oscuramente, no ponen a cubierto de los repetidos ataques a un General que, por lo menos, no ha hecho derramar l\u00e1grimas a su patria; s\u00e9ame permitido un corto desahogo a 2500 leguas del suelo que he servido con los mejores deseos\u201d.<\/p>\n<p>Tal era el estado de \u00e1nimo de su esp\u00edritu, que lo oblig\u00f3 trasladarse a Inglaterra donde su amigo Lord Fife lo colm\u00f3 de homenajes y reconocimientos, pero sin lograr mejorar su situaci\u00f3n econ\u00f3mica en total ruina, a punto tal que se permiti\u00f3 expresar: que ni \u201cla renta de su casa en Buenos Aires nada rend\u00eda, pues la depreciaci\u00f3n de la moneda argentina y la guerra con Brasil, el cambio en Londres era tan malo\u201d que de nada le serv\u00edan.<\/p>\n<p>Estas y muchas otras verdades contadas a su gran amigo Tom\u00e1s Guido, cuando le cont\u00f3 la alegr\u00eda que siente todo padre al tener un hijo, a pesar de que esperaba un var\u00f3n le escribe: \u201cSepa usted que desde anteayer soy padre de una infanta mendocina\u201d, al igual que cuando le confiesa acerca de los motivos que tuvo para retirarse de Per\u00fa. \u201cCuando deje de existir usted encontrar\u00e1 en mis papeles y los apuntes que Ud. hallar\u00e1, manifiestan ordenados mi conducta p\u00fablica y las razones de mi retirada del Per\u00fa\u201d, as\u00ed lo estableci\u00f3 en su \u00faltima disposici\u00f3n a pesar de no haber llegado nunca a las manos del destinatario. <\/p>\n<p>San Mart\u00edn siempre crey\u00f3 que la historia le har\u00eda justicia, pensamiento similar al de Rosas, atento a que en \u201cgeneral los hombres juzgan de lo pasado seg\u00fan la verdadera justicia y de lo presente seg\u00fan sus intereses. Mientras que Rosas escribi\u00f3: \u201cLa verdad nunca dejar\u00e1 de conocerse por m\u00e1s que se la quiera ocultar\u201d.<\/p>\n<p>Dos premisas que todos nuestros gobernantes deber\u00edan tener presente al momento de asumir ciertas actitudes, porque el esp\u00edritu de partido, la baja adulaci\u00f3n y el aferrarse a ciertas pautas  ideol\u00f3gicas, hacen que se cometan errores que la muerte y la historia seguramente pondr\u00e1n al descubierto.<br \/>\nAs\u00ed lo vivi\u00f3 y lo entendi\u00f3 el Padre de la Patria que como ep\u00edlogo de su concepto por la vida publica, le trascribi\u00f3 a su amigo un verso de Lebrun que dec\u00eda: <\/p>\n<p>En vano correr\u00e9is tras de la gloria. Morir\u00e9is extinguiendo sentimientos: Ni respeto, ni amor: y sin lamentos La muerte sepultar\u00e1 vuestra memoria.<\/p>\n<p>Siempre pens\u00f3 as\u00ed y su conducta a lo largo de su trayectoria, lo demuestra para ejemplo de los hombres que luchan equivocadamente, utilizando en la pol\u00edtica, m\u00e9todos que la dignidad humana rechaza.<br \/>\nPara todos nos dej\u00f3 un axioma que deber\u00edamos tener presente como norma de vida. \u201cSER\u00c1S LO QUE HAY QUE SER, SI NO, ERES NADA\u201d<\/p>\n","protected":false},"excerpt":{"rendered":"<p>En esta semana los argentinos rendimos homenaje a la intachable memoria del Gran Capit\u00e1n, aunque muchos ignoren hechos importantes de su trayectoria que han quedado en la penumbra. De all\u00ed estas l\u00edneas, que tienen la pretensi\u00f3n de homenajearlo, destacando un comportamiento, que los documentos dicen textualmente cual ha sido su conducta. La historia estudiada con [&hellip;]<\/p>\n","protected":false},"author":4,"featured_media":38575,"comment_status":"open","ping_status":"closed","sticky":false,"template":"","format":"standard","meta":{"om_disable_all_campaigns":false,"_jetpack_memberships_contains_paid_content":false,"footnotes":""},"categories":[101,2],"tags":[],"class_list":["post-38574","post","type-post","status-publish","format-standard","has-post-thumbnail","hentry","category-interes-general-locales","category-locales"],"aioseo_notices":[],"gutentor_comment":0,"jetpack_featured_media_url":"https:\/\/eldiariodesanpedro.com.ar\/sitio\/wp-content\/uploads\/2018\/08\/image59d4b7c7aea36.jpg","jetpack_shortlink":"https:\/\/wp.me\/p6RhLt-a2a","jetpack_sharing_enabled":true,"_links":{"self":[{"href":"https:\/\/eldiariodesanpedro.com.ar\/sitio\/wp-json\/wp\/v2\/posts\/38574","targetHints":{"allow":["GET"]}}],"collection":[{"href":"https:\/\/eldiariodesanpedro.com.ar\/sitio\/wp-json\/wp\/v2\/posts"}],"about":[{"href":"https:\/\/eldiariodesanpedro.com.ar\/sitio\/wp-json\/wp\/v2\/types\/post"}],"author":[{"embeddable":true,"href":"https:\/\/eldiariodesanpedro.com.ar\/sitio\/wp-json\/wp\/v2\/users\/4"}],"replies":[{"embeddable":true,"href":"https:\/\/eldiariodesanpedro.com.ar\/sitio\/wp-json\/wp\/v2\/comments?post=38574"}],"version-history":[{"count":1,"href":"https:\/\/eldiariodesanpedro.com.ar\/sitio\/wp-json\/wp\/v2\/posts\/38574\/revisions"}],"predecessor-version":[{"id":38577,"href":"https:\/\/eldiariodesanpedro.com.ar\/sitio\/wp-json\/wp\/v2\/posts\/38574\/revisions\/38577"}],"wp:featuredmedia":[{"embeddable":true,"href":"https:\/\/eldiariodesanpedro.com.ar\/sitio\/wp-json\/wp\/v2\/media\/38575"}],"wp:attachment":[{"href":"https:\/\/eldiariodesanpedro.com.ar\/sitio\/wp-json\/wp\/v2\/media?parent=38574"}],"wp:term":[{"taxonomy":"category","embeddable":true,"href":"https:\/\/eldiariodesanpedro.com.ar\/sitio\/wp-json\/wp\/v2\/categories?post=38574"},{"taxonomy":"post_tag","embeddable":true,"href":"https:\/\/eldiariodesanpedro.com.ar\/sitio\/wp-json\/wp\/v2\/tags?post=38574"}],"curies":[{"name":"wp","href":"https:\/\/api.w.org\/{rel}","templated":true}]}}