{"id":38571,"date":"2018-08-17T09:56:11","date_gmt":"2018-08-17T12:56:11","guid":{"rendered":"https:\/\/eldiariodesanpedro.com.ar\/sitio\/?p=38571"},"modified":"2018-08-17T09:56:11","modified_gmt":"2018-08-17T12:56:11","slug":"se-recupero-una-moto-robada","status":"publish","type":"post","link":"https:\/\/eldiariodesanpedro.com.ar\/sitio\/se-recupero-una-moto-robada\/","title":{"rendered":"Se recupero una moto robada"},"content":{"rendered":"<p><!-- VideographyWP Plugin Message: Automatic video embedding prevented by plugin options. --><br \/>\nPersonal Policial en marcos de operativos, secuestro una motocicleta con pedido de secuestro activo, por el delito de HURTO y aprehendi\u00f3 a un hombre de 41 a\u00f1os de edad, quien registra paradero activo, sobre calle Chivilcoy, solicitado por el Juzgado Ejecuci\u00f3n Penal Departamental quien toma intervenci\u00f3n el Juzgado de menci\u00f3n y dispone presentaci\u00f3n.<\/p>\n<p>El rodado marca Guerrero Trip 110 cc, fue secuestrado en calle Av. 11 de Septiembre y Auli; el conductor de 26, fue traslado a la Dependencia Local.<\/p>\n","protected":false},"excerpt":{"rendered":"<p>Personal Policial en marcos de operativos, secuestro una motocicleta con pedido de secuestro activo, por el delito de HURTO y aprehendi\u00f3 a un hombre de 41 a\u00f1os de edad, quien registra paradero activo, sobre calle Chivilcoy, solicitado por el Juzgado Ejecuci\u00f3n Penal Departamental quien toma intervenci\u00f3n el Juzgado de menci\u00f3n y dispone presentaci\u00f3n. El rodado [&hellip;]<\/p>\n","protected":false},"author":4,"featured_media":13371,"comment_status":"open","ping_status":"closed","sticky":false,"template":"","format":"standard","meta":{"om_disable_all_campaigns":false,"_jetpack_memberships_contains_paid_content":false,"footnotes":""},"categories":[2,103],"tags":[],"class_list":["post-38571","post","type-post","status-publish","format-standard","has-post-thumbnail","hentry","category-locales","category-policiales-locales"],"aioseo_notices":[],"gutentor_comment":0,"jetpack_featured_media_url":"https:\/\/eldiariodesanpedro.com.ar\/sitio\/wp-content\/uploads\/2017\/01\/Patrulla-3-e1485286104708.jpg","jetpack_shortlink":"https:\/\/wp.me\/p6RhLt-a27","jetpack_sharing_enabled":true,"_links":{"self":[{"href":"https:\/\/eldiariodesanpedro.com.ar\/sitio\/wp-json\/wp\/v2\/posts\/38571","targetHints":{"allow":["GET"]}}],"collection":[{"href":"https:\/\/eldiariodesanpedro.com.ar\/sitio\/wp-json\/wp\/v2\/posts"}],"about":[{"href":"https:\/\/eldiariodesanpedro.com.ar\/sitio\/wp-json\/wp\/v2\/types\/post"}],"author":[{"embeddable":true,"href":"https:\/\/eldiariodesanpedro.com.ar\/sitio\/wp-json\/wp\/v2\/users\/4"}],"replies":[{"embeddable":true,"href":"https:\/\/eldiariodesanpedro.com.ar\/sitio\/wp-json\/wp\/v2\/comments?post=38571"}],"version-history":[{"count":1,"href":"https:\/\/eldiariodesanpedro.com.ar\/sitio\/wp-json\/wp\/v2\/posts\/38571\/revisions"}],"predecessor-version":[{"id":38573,"href":"https:\/\/eldiariodesanpedro.com.ar\/sitio\/wp-json\/wp\/v2\/posts\/38571\/revisions\/38573"}],"wp:featuredmedia":[{"embeddable":true,"href":"https:\/\/eldiariodesanpedro.com.ar\/sitio\/wp-json\/wp\/v2\/media\/13371"}],"wp:attachment":[{"href":"https:\/\/eldiariodesanpedro.com.ar\/sitio\/wp-json\/wp\/v2\/media?parent=38571"}],"wp:term":[{"taxonomy":"category","embeddable":true,"href":"https:\/\/eldiariodesanpedro.com.ar\/sitio\/wp-json\/wp\/v2\/categories?post=38571"},{"taxonomy":"post_tag","embeddable":true,"href":"https:\/\/eldiariodesanpedro.com.ar\/sitio\/wp-json\/wp\/v2\/tags?post=38571"}],"curies":[{"name":"wp","href":"https:\/\/api.w.org\/{rel}","templated":true}]}}