{"id":38568,"date":"2018-08-17T09:41:12","date_gmt":"2018-08-17T12:41:12","guid":{"rendered":"https:\/\/eldiariodesanpedro.com.ar\/sitio\/?p=38568"},"modified":"2018-08-17T09:41:12","modified_gmt":"2018-08-17T12:41:12","slug":"tercera-reunion-de-empresarios-de-transporte-de-mercaderias","status":"publish","type":"post","link":"https:\/\/eldiariodesanpedro.com.ar\/sitio\/tercera-reunion-de-empresarios-de-transporte-de-mercaderias\/","title":{"rendered":"Tercera reuni\u00f3n de empresarios de transporte de mercader\u00edas"},"content":{"rendered":"<p><!-- VideographyWP Plugin Message: Automatic video embedding prevented by plugin options. --><br \/>\nEn la tarde de este jueves se reunieron en el Auditorio H\u00e9ctor Padula del CCIT representantes de las empresas  y comercios vinculados con el transporte de mercader\u00edas en nuestra ciudad, movilizados ante la existencia de un proyecto de ordenanza para regular la circulaci\u00f3n de camiones. El encuentro fue posterior a la reuni\u00f3n mantenida d\u00edas atr\u00e1s con las comisiones del HCD que analizan el tema y que recibieron de primera mano, las observaciones que el sector recopil\u00f3 luego de las primeras charlas en el seno de la entidad.<\/p>\n<p>En este encuentro se volvi\u00f3 a remarcar que hay consenso para intentar una disminuci\u00f3n de las complicaciones en el tr\u00e1nsito de San Pedro pero aplicando otros m\u00e9todos que no sean los que se incluyeron en esta ordenanza que todav\u00eda no fue girada para tratamiento en sesi\u00f3n. <\/p>\n<p>Se mantienen los rechazos al gravamen por pesaje y la instalaci\u00f3n de una playa de transferencia que operativamente tornar\u00eda la actividad mucho m\u00e1s complicada.  Ahora se aguarda la reformulaci\u00f3n de la iniciativa o su archivo, al tiempo que los empresarios ser\u00e1n convocados para mantener reuniones diferenciadas seg\u00fan su rubro con los concejales que analizan el tema. <\/p>\n","protected":false},"excerpt":{"rendered":"<p>En la tarde de este jueves se reunieron en el Auditorio H\u00e9ctor Padula del CCIT representantes de las empresas y comercios vinculados con el transporte de mercader\u00edas en nuestra ciudad, movilizados ante la existencia de un proyecto de ordenanza para regular la circulaci\u00f3n de camiones. El encuentro fue posterior a la reuni\u00f3n mantenida d\u00edas atr\u00e1s [&hellip;]<\/p>\n","protected":false},"author":4,"featured_media":38569,"comment_status":"open","ping_status":"closed","sticky":false,"template":"","format":"standard","meta":{"om_disable_all_campaigns":false,"_jetpack_memberships_contains_paid_content":false,"footnotes":""},"categories":[101,2],"tags":[],"class_list":["post-38568","post","type-post","status-publish","format-standard","has-post-thumbnail","hentry","category-interes-general-locales","category-locales"],"aioseo_notices":[],"gutentor_comment":0,"jetpack_featured_media_url":"https:\/\/eldiariodesanpedro.com.ar\/sitio\/wp-content\/uploads\/2018\/08\/t1.jpg","jetpack_shortlink":"https:\/\/wp.me\/p6RhLt-a24","jetpack_sharing_enabled":true,"_links":{"self":[{"href":"https:\/\/eldiariodesanpedro.com.ar\/sitio\/wp-json\/wp\/v2\/posts\/38568","targetHints":{"allow":["GET"]}}],"collection":[{"href":"https:\/\/eldiariodesanpedro.com.ar\/sitio\/wp-json\/wp\/v2\/posts"}],"about":[{"href":"https:\/\/eldiariodesanpedro.com.ar\/sitio\/wp-json\/wp\/v2\/types\/post"}],"author":[{"embeddable":true,"href":"https:\/\/eldiariodesanpedro.com.ar\/sitio\/wp-json\/wp\/v2\/users\/4"}],"replies":[{"embeddable":true,"href":"https:\/\/eldiariodesanpedro.com.ar\/sitio\/wp-json\/wp\/v2\/comments?post=38568"}],"version-history":[{"count":2,"href":"https:\/\/eldiariodesanpedro.com.ar\/sitio\/wp-json\/wp\/v2\/posts\/38568\/revisions"}],"predecessor-version":[{"id":38572,"href":"https:\/\/eldiariodesanpedro.com.ar\/sitio\/wp-json\/wp\/v2\/posts\/38568\/revisions\/38572"}],"wp:featuredmedia":[{"embeddable":true,"href":"https:\/\/eldiariodesanpedro.com.ar\/sitio\/wp-json\/wp\/v2\/media\/38569"}],"wp:attachment":[{"href":"https:\/\/eldiariodesanpedro.com.ar\/sitio\/wp-json\/wp\/v2\/media?parent=38568"}],"wp:term":[{"taxonomy":"category","embeddable":true,"href":"https:\/\/eldiariodesanpedro.com.ar\/sitio\/wp-json\/wp\/v2\/categories?post=38568"},{"taxonomy":"post_tag","embeddable":true,"href":"https:\/\/eldiariodesanpedro.com.ar\/sitio\/wp-json\/wp\/v2\/tags?post=38568"}],"curies":[{"name":"wp","href":"https:\/\/api.w.org\/{rel}","templated":true}]}}