{"id":38565,"date":"2018-08-17T09:15:00","date_gmt":"2018-08-17T12:15:00","guid":{"rendered":"https:\/\/eldiariodesanpedro.com.ar\/sitio\/?p=38565"},"modified":"2018-08-17T09:15:00","modified_gmt":"2018-08-17T12:15:00","slug":"allanamiento-por-el-robo-al-minimercado-santino-solo-se-encontro-mercaderia","status":"publish","type":"post","link":"https:\/\/eldiariodesanpedro.com.ar\/sitio\/allanamiento-por-el-robo-al-minimercado-santino-solo-se-encontro-mercaderia\/","title":{"rendered":"Allanamiento por el robo al Minimercado Santino \u00bb Solo se encontr\u00f3 mercader\u00eda\u00bb"},"content":{"rendered":"<p><!-- VideographyWP Plugin Message: Automatic video embedding prevented by plugin options. --><br \/>\nEste jueves por la tarde, se realiz\u00f3 una diligencia de allanamiento en calle Basabilbaso N\u00b0 140.<\/p>\n<p>En el interior de la vivienda se secuestro parte de la mercader\u00eda y varios cortes de carne, que fue robada en la madrugada del jueves en el Minimercado Santino, que luego la justicia determino que era incomproblable que la misma alla salido directamente del lugar.<\/p>\n<p>Pero en el momento del allanamiento, el joven propietario de la vivienda se neg\u00f3 a colaborar con la diligencia y trato de agredir al personal policial con una cuchilla, el cual fue aprehendido y trasladado a la sede policial.<\/p>\n<p>Como resultado final, el allanamiento fue negativo.<\/p>\n<p>Recordemos que el due\u00f1o del Minimercado, se dio cuenta del robo cuando lleg\u00f3 a abrir el negocio donde encontr\u00f3 destrozos y la falta de mercader\u00eda.<\/p>\n<p>Entre las cosas que enumer\u00f3 que le robaron figuran tres balanzas, cuchillos de carnicer\u00eda y toda la carne que ten\u00eda en las heladeras exhibidoras. Tambi\u00e9n se llevaron gaseosas, salamines, dinero en efectivo y bolsas de papas que hab\u00eda en el local. <\/p>\n","protected":false},"excerpt":{"rendered":"<p>Este jueves por la tarde, se realiz\u00f3 una diligencia de allanamiento en calle Basabilbaso N\u00b0 140. En el interior de la vivienda se secuestro parte de la mercader\u00eda y varios cortes de carne, que fue robada en la madrugada del jueves en el Minimercado Santino, que luego la justicia determino que era incomproblable que la [&hellip;]<\/p>\n","protected":false},"author":4,"featured_media":13372,"comment_status":"open","ping_status":"closed","sticky":false,"template":"","format":"standard","meta":{"om_disable_all_campaigns":false,"_jetpack_memberships_contains_paid_content":false,"footnotes":""},"categories":[2,103],"tags":[],"class_list":["post-38565","post","type-post","status-publish","format-standard","has-post-thumbnail","hentry","category-locales","category-policiales-locales"],"aioseo_notices":[],"gutentor_comment":0,"jetpack_featured_media_url":"https:\/\/eldiariodesanpedro.com.ar\/sitio\/wp-content\/uploads\/2017\/01\/Patrulla-4-e1485286120389.jpg","jetpack_shortlink":"https:\/\/wp.me\/p6RhLt-a21","jetpack_sharing_enabled":true,"_links":{"self":[{"href":"https:\/\/eldiariodesanpedro.com.ar\/sitio\/wp-json\/wp\/v2\/posts\/38565","targetHints":{"allow":["GET"]}}],"collection":[{"href":"https:\/\/eldiariodesanpedro.com.ar\/sitio\/wp-json\/wp\/v2\/posts"}],"about":[{"href":"https:\/\/eldiariodesanpedro.com.ar\/sitio\/wp-json\/wp\/v2\/types\/post"}],"author":[{"embeddable":true,"href":"https:\/\/eldiariodesanpedro.com.ar\/sitio\/wp-json\/wp\/v2\/users\/4"}],"replies":[{"embeddable":true,"href":"https:\/\/eldiariodesanpedro.com.ar\/sitio\/wp-json\/wp\/v2\/comments?post=38565"}],"version-history":[{"count":1,"href":"https:\/\/eldiariodesanpedro.com.ar\/sitio\/wp-json\/wp\/v2\/posts\/38565\/revisions"}],"predecessor-version":[{"id":38566,"href":"https:\/\/eldiariodesanpedro.com.ar\/sitio\/wp-json\/wp\/v2\/posts\/38565\/revisions\/38566"}],"wp:featuredmedia":[{"embeddable":true,"href":"https:\/\/eldiariodesanpedro.com.ar\/sitio\/wp-json\/wp\/v2\/media\/13372"}],"wp:attachment":[{"href":"https:\/\/eldiariodesanpedro.com.ar\/sitio\/wp-json\/wp\/v2\/media?parent=38565"}],"wp:term":[{"taxonomy":"category","embeddable":true,"href":"https:\/\/eldiariodesanpedro.com.ar\/sitio\/wp-json\/wp\/v2\/categories?post=38565"},{"taxonomy":"post_tag","embeddable":true,"href":"https:\/\/eldiariodesanpedro.com.ar\/sitio\/wp-json\/wp\/v2\/tags?post=38565"}],"curies":[{"name":"wp","href":"https:\/\/api.w.org\/{rel}","templated":true}]}}