{"id":38554,"date":"2018-08-16T21:14:02","date_gmt":"2018-08-17T00:14:02","guid":{"rendered":"https:\/\/eldiariodesanpedro.com.ar\/sitio\/?p=38554"},"modified":"2026-01-24T00:11:13","modified_gmt":"2026-01-24T03:11:13","slug":"patin-artistico-tres-representantes-de-pescadores-en-el-nacional-c-de-san-luis","status":"publish","type":"post","link":"https:\/\/eldiariodesanpedro.com.ar\/sitio\/patin-artistico-tres-representantes-de-pescadores-en-el-nacional-c-de-san-luis\/","title":{"rendered":"PAT\u00cdN ART\u00cdSTICO: Tres representantes de Pescadores en el Nacional C de San Luis"},"content":{"rendered":"<p><!-- VideographyWP Plugin Message: Automatic video embedding prevented by plugin options. --><br \/>\n  Viajan este s\u00e1bado a la provincia de San Luis, donde se lleva a cabo el Nacional de Pat\u00edn Art\u00edstico para varias categor\u00edas. <\/p>\n<p>  Estuvimos en el entrenamiento de los patinadores\/as junto a la profesora Eliana Gonz\u00e1lez en las \u00faltimas pr\u00e1cticas previo al viaje.<\/p>\n<p>  Emilio Mohlinger compite en Escuela Formativa y en pareja con M\u00eda Pereyra, en Parejas Mixta Inicial; M\u00eda Pereyra en quinta \u201cC\u201d.<\/p>\n<p>  El domingo compite Emilio, M\u00eda y Renata, que si les va bien pasan a la final y, el jueves la pareja. La entrenadora dijo: \u201cTenemos las mejores expectativas, le ponen mucha garra, est\u00e1n muy bien preparados y a pesar de su corta edad lo hacen con mucha responsabilidad\u201d.<\/p>\n<p>  En el entrenamiento medio centenar de deportistas poblaron la pista del gimnasio \u201cH\u00e9ctor Grau\u201d, 12 ya lo hacen de manera competitiva y el resto en cat. Escuela.<\/p>\n","protected":false},"excerpt":{"rendered":"<p>Viajan este s\u00e1bado a la provincia de San Luis, donde se lleva a cabo el Nacional de Pat\u00edn Art\u00edstico para varias categor\u00edas. Estuvimos en el entrenamiento de los patinadores\/as junto a la profesora Eliana Gonz\u00e1lez en las \u00faltimas pr\u00e1cticas previo al viaje. Emilio Mohlinger compite en Escuela Formativa y en pareja con M\u00eda Pereyra, en [&hellip;]<\/p>\n","protected":false},"author":4,"featured_media":38556,"comment_status":"open","ping_status":"closed","sticky":false,"template":"","format":"standard","meta":{"om_disable_all_campaigns":false,"_jetpack_memberships_contains_paid_content":false,"footnotes":""},"categories":[5],"tags":[],"class_list":["post-38554","post","type-post","status-publish","format-standard","has-post-thumbnail","hentry","category-deportes"],"aioseo_notices":[],"gutentor_comment":0,"jetpack_featured_media_url":"https:\/\/eldiariodesanpedro.com.ar\/sitio\/wp-content\/uploads\/2018\/08\/Eliana-junto-a-los-deportistas.jpg","jetpack_shortlink":"https:\/\/wp.me\/p6RhLt-a1Q","jetpack_sharing_enabled":true,"_links":{"self":[{"href":"https:\/\/eldiariodesanpedro.com.ar\/sitio\/wp-json\/wp\/v2\/posts\/38554","targetHints":{"allow":["GET"]}}],"collection":[{"href":"https:\/\/eldiariodesanpedro.com.ar\/sitio\/wp-json\/wp\/v2\/posts"}],"about":[{"href":"https:\/\/eldiariodesanpedro.com.ar\/sitio\/wp-json\/wp\/v2\/types\/post"}],"author":[{"embeddable":true,"href":"https:\/\/eldiariodesanpedro.com.ar\/sitio\/wp-json\/wp\/v2\/users\/4"}],"replies":[{"embeddable":true,"href":"https:\/\/eldiariodesanpedro.com.ar\/sitio\/wp-json\/wp\/v2\/comments?post=38554"}],"version-history":[{"count":1,"href":"https:\/\/eldiariodesanpedro.com.ar\/sitio\/wp-json\/wp\/v2\/posts\/38554\/revisions"}],"predecessor-version":[{"id":38558,"href":"https:\/\/eldiariodesanpedro.com.ar\/sitio\/wp-json\/wp\/v2\/posts\/38554\/revisions\/38558"}],"wp:featuredmedia":[{"embeddable":true,"href":"https:\/\/eldiariodesanpedro.com.ar\/sitio\/wp-json\/wp\/v2\/media\/38556"}],"wp:attachment":[{"href":"https:\/\/eldiariodesanpedro.com.ar\/sitio\/wp-json\/wp\/v2\/media?parent=38554"}],"wp:term":[{"taxonomy":"category","embeddable":true,"href":"https:\/\/eldiariodesanpedro.com.ar\/sitio\/wp-json\/wp\/v2\/categories?post=38554"},{"taxonomy":"post_tag","embeddable":true,"href":"https:\/\/eldiariodesanpedro.com.ar\/sitio\/wp-json\/wp\/v2\/tags?post=38554"}],"curies":[{"name":"wp","href":"https:\/\/api.w.org\/{rel}","templated":true}]}}