{"id":38551,"date":"2018-08-16T21:09:43","date_gmt":"2018-08-17T00:09:43","guid":{"rendered":"https:\/\/eldiariodesanpedro.com.ar\/sitio\/?p=38551"},"modified":"2026-01-24T00:11:13","modified_gmt":"2026-01-24T03:11:13","slug":"tenis-los-dos-primeros-clasificados-a-la-final-tba","status":"publish","type":"post","link":"https:\/\/eldiariodesanpedro.com.ar\/sitio\/tenis-los-dos-primeros-clasificados-a-la-final-tba\/","title":{"rendered":"TENIS: Los dos primeros clasificados a la final TBA"},"content":{"rendered":"<p><!-- VideographyWP Plugin Message: Automatic video embedding prevented by plugin options. --><br \/>\nEn la categor\u00eda cadetes (15 y 16 a\u00f1os) los tenistas del Club Pescadores fueron los \u00fanicos clasificados en Tenis a la final provincial de los Juegos BA 2018. <\/p>\n<p>  Los deportistas clasificaron luego de ganar la etapa local y en la Regional llevada a cabo en Pergamino dejaron atr\u00e1s a rojas y al local en la final.<\/p>\n<p>Luciano Vell\u00f3n y Franco Pe\u00f1a fueron los \u00fanicos clasificados para Mar del Plata de San Pedro en Tenis. Para ello le ganaron a la pareja de Rojas (Tiago Magistrati-Lucas R\u00edos) 7\/5 2\/6 y 12\/10 en s\u00faper tie break y en la final derrotaron a la pareja de Pergamino (Bautista Jaqueline y Joaqu\u00edn Diarosi) 6\/2 6\/2.<\/p>\n","protected":false},"excerpt":{"rendered":"<p>En la categor\u00eda cadetes (15 y 16 a\u00f1os) los tenistas del Club Pescadores fueron los \u00fanicos clasificados en Tenis a la final provincial de los Juegos BA 2018. Los deportistas clasificaron luego de ganar la etapa local y en la Regional llevada a cabo en Pergamino dejaron atr\u00e1s a rojas y al local en la [&hellip;]<\/p>\n","protected":false},"author":4,"featured_media":38553,"comment_status":"open","ping_status":"closed","sticky":false,"template":"","format":"standard","meta":{"om_disable_all_campaigns":false,"_jetpack_memberships_contains_paid_content":false,"footnotes":""},"categories":[5],"tags":[],"class_list":["post-38551","post","type-post","status-publish","format-standard","has-post-thumbnail","hentry","category-deportes"],"aioseo_notices":[],"gutentor_comment":0,"jetpack_featured_media_url":"https:\/\/eldiariodesanpedro.com.ar\/sitio\/wp-content\/uploads\/2018\/08\/El-profesor-Biglieri-junto-a-los-tenistas-de-Pescadores.jpg","jetpack_shortlink":"https:\/\/wp.me\/p6RhLt-a1N","jetpack_sharing_enabled":true,"_links":{"self":[{"href":"https:\/\/eldiariodesanpedro.com.ar\/sitio\/wp-json\/wp\/v2\/posts\/38551","targetHints":{"allow":["GET"]}}],"collection":[{"href":"https:\/\/eldiariodesanpedro.com.ar\/sitio\/wp-json\/wp\/v2\/posts"}],"about":[{"href":"https:\/\/eldiariodesanpedro.com.ar\/sitio\/wp-json\/wp\/v2\/types\/post"}],"author":[{"embeddable":true,"href":"https:\/\/eldiariodesanpedro.com.ar\/sitio\/wp-json\/wp\/v2\/users\/4"}],"replies":[{"embeddable":true,"href":"https:\/\/eldiariodesanpedro.com.ar\/sitio\/wp-json\/wp\/v2\/comments?post=38551"}],"version-history":[{"count":2,"href":"https:\/\/eldiariodesanpedro.com.ar\/sitio\/wp-json\/wp\/v2\/posts\/38551\/revisions"}],"predecessor-version":[{"id":38557,"href":"https:\/\/eldiariodesanpedro.com.ar\/sitio\/wp-json\/wp\/v2\/posts\/38551\/revisions\/38557"}],"wp:featuredmedia":[{"embeddable":true,"href":"https:\/\/eldiariodesanpedro.com.ar\/sitio\/wp-json\/wp\/v2\/media\/38553"}],"wp:attachment":[{"href":"https:\/\/eldiariodesanpedro.com.ar\/sitio\/wp-json\/wp\/v2\/media?parent=38551"}],"wp:term":[{"taxonomy":"category","embeddable":true,"href":"https:\/\/eldiariodesanpedro.com.ar\/sitio\/wp-json\/wp\/v2\/categories?post=38551"},{"taxonomy":"post_tag","embeddable":true,"href":"https:\/\/eldiariodesanpedro.com.ar\/sitio\/wp-json\/wp\/v2\/tags?post=38551"}],"curies":[{"name":"wp","href":"https:\/\/api.w.org\/{rel}","templated":true}]}}