{"id":38537,"date":"2018-08-16T20:51:55","date_gmt":"2018-08-16T23:51:55","guid":{"rendered":"https:\/\/eldiariodesanpedro.com.ar\/sitio\/?p=38537"},"modified":"2018-08-16T20:51:55","modified_gmt":"2018-08-16T23:51:55","slug":"jornada-sobre-productividad-pyme","status":"publish","type":"post","link":"https:\/\/eldiariodesanpedro.com.ar\/sitio\/jornada-sobre-productividad-pyme\/","title":{"rendered":"Jornada sobre Productividad PyME"},"content":{"rendered":"<p><!-- VideographyWP Plugin Message: Automatic video embedding prevented by plugin options. --><br \/>\nEn la Casona de la Direcci\u00f3n de Turismo se cumpli\u00f3 este mi\u00e9rcoles con la Jornada de Productividad PyME con la organizaci\u00f3n del Ministerio de la Producci\u00f3n y la coordinaci\u00f3n local de la Subsecretar\u00eda de Desarrollo Econ\u00f3mico. La apertura estuvo a cargo del titular del \u00e1rea local Alfredo Camilletti y posteriormente se desplegaron paneles tem\u00e1ticos orientados a compartir con los empresarios, productores y profesionales asistentes, herramientas para mejorar sus actividades.<\/p>\n<p>  Las charlas estuvieron a cargo de Florencia \u00c1lvarez, Directora de Coordinaci\u00f3n de Programas Productivos del Ministerio quien habl\u00f3 sobre la importancia de productividad y el Radar PyME, el Licenciado \u00c1ngel Cirocco del Centro Tecnol\u00f3gico Shitsuke quien present\u00f3 una exposici\u00f3n sobre Eficiencia Energ\u00e9tica y, el Ingeniero Agr\u00f3nomo Enrique Kurincic, Gerente de Certificaciones Agroalimientarias del IRAM quien present\u00f3 una charla sobre Global GAP y Global Markets.<\/p>\n<p>  Para nuestra ciudad y para la continuidad del fomento de una pol\u00edtica de fortalecimiento del sector productivo, contar con esta convocatoria result\u00f3 muy importante y \u00fatil para todos los asistentes.<\/p>\n","protected":false},"excerpt":{"rendered":"<p>En la Casona de la Direcci\u00f3n de Turismo se cumpli\u00f3 este mi\u00e9rcoles con la Jornada de Productividad PyME con la organizaci\u00f3n del Ministerio de la Producci\u00f3n y la coordinaci\u00f3n local de la Subsecretar\u00eda de Desarrollo Econ\u00f3mico. La apertura estuvo a cargo del titular del \u00e1rea local Alfredo Camilletti y posteriormente se desplegaron paneles tem\u00e1ticos orientados [&hellip;]<\/p>\n","protected":false},"author":4,"featured_media":38539,"comment_status":"open","ping_status":"closed","sticky":false,"template":"","format":"standard","meta":{"om_disable_all_campaigns":false,"_jetpack_memberships_contains_paid_content":false,"footnotes":""},"categories":[101,2],"tags":[],"class_list":["post-38537","post","type-post","status-publish","format-standard","has-post-thumbnail","hentry","category-interes-general-locales","category-locales"],"aioseo_notices":[],"gutentor_comment":0,"jetpack_featured_media_url":"https:\/\/eldiariodesanpedro.com.ar\/sitio\/wp-content\/uploads\/2018\/08\/casona-turismo-Jornada-sobre-Productividad-PyME.jpg","jetpack_shortlink":"https:\/\/wp.me\/p6RhLt-a1z","jetpack_sharing_enabled":true,"_links":{"self":[{"href":"https:\/\/eldiariodesanpedro.com.ar\/sitio\/wp-json\/wp\/v2\/posts\/38537","targetHints":{"allow":["GET"]}}],"collection":[{"href":"https:\/\/eldiariodesanpedro.com.ar\/sitio\/wp-json\/wp\/v2\/posts"}],"about":[{"href":"https:\/\/eldiariodesanpedro.com.ar\/sitio\/wp-json\/wp\/v2\/types\/post"}],"author":[{"embeddable":true,"href":"https:\/\/eldiariodesanpedro.com.ar\/sitio\/wp-json\/wp\/v2\/users\/4"}],"replies":[{"embeddable":true,"href":"https:\/\/eldiariodesanpedro.com.ar\/sitio\/wp-json\/wp\/v2\/comments?post=38537"}],"version-history":[{"count":1,"href":"https:\/\/eldiariodesanpedro.com.ar\/sitio\/wp-json\/wp\/v2\/posts\/38537\/revisions"}],"predecessor-version":[{"id":38541,"href":"https:\/\/eldiariodesanpedro.com.ar\/sitio\/wp-json\/wp\/v2\/posts\/38537\/revisions\/38541"}],"wp:featuredmedia":[{"embeddable":true,"href":"https:\/\/eldiariodesanpedro.com.ar\/sitio\/wp-json\/wp\/v2\/media\/38539"}],"wp:attachment":[{"href":"https:\/\/eldiariodesanpedro.com.ar\/sitio\/wp-json\/wp\/v2\/media?parent=38537"}],"wp:term":[{"taxonomy":"category","embeddable":true,"href":"https:\/\/eldiariodesanpedro.com.ar\/sitio\/wp-json\/wp\/v2\/categories?post=38537"},{"taxonomy":"post_tag","embeddable":true,"href":"https:\/\/eldiariodesanpedro.com.ar\/sitio\/wp-json\/wp\/v2\/tags?post=38537"}],"curies":[{"name":"wp","href":"https:\/\/api.w.org\/{rel}","templated":true}]}}