{"id":38536,"date":"2018-08-16T20:51:46","date_gmt":"2018-08-16T23:51:46","guid":{"rendered":"https:\/\/eldiariodesanpedro.com.ar\/sitio\/?p=38536"},"modified":"2018-08-16T20:51:46","modified_gmt":"2018-08-16T23:51:46","slug":"diputados-sanciono-la-adhesion-a-la-ley-nacional-de-dislexia","status":"publish","type":"post","link":"https:\/\/eldiariodesanpedro.com.ar\/sitio\/diputados-sanciono-la-adhesion-a-la-ley-nacional-de-dislexia\/","title":{"rendered":"Diputados sancion\u00f3 la adhesi\u00f3n a la ley nacional de dislexia"},"content":{"rendered":"<p><!-- VideographyWP Plugin Message: Automatic video embedding prevented by plugin options. --><br \/>\nLa C\u00e1mara de Diputados bonaerense sancion\u00f3 la adhesi\u00f3n a la Ley Nacional N\u00b0 27306 que establece como objetivo prioritario garantizar el derecho a la educaci\u00f3n de los ni\u00f1os, ni\u00f1as, adolescentes y adultos que presentan Dificultades Especificas del Aprendizaje (DEA).<\/p>\n<p>  La dislexia es la m\u00e1s conocida de las DEA y se trata de un trastorno de origen neurobiol\u00f3gico que afecta a los procesos cognitivos relacionados con el lenguaje, la lectura, la escritura y el c\u00e1lculo matem\u00e1tico, con implicaciones significativas, leves, moderadas o graves en el \u00e1mbito escolar. Se calcula que entre el 10 y el 15% de la poblaci\u00f3n escolar presenta dificultades en el aprendizaje.<\/p>\n<p>  La Ley garantiza el tratamiento de las dificultades de los chicos en las aulas. Adem\u00e1s, establece adaptaciones curriculares y capacitaciones docentes para el abordaje.<\/p>\n<p>  El proyecto de adhesi\u00f3n pertenece al senador provincial de Cambiemos, Marcelo Pac\u00edfico y, adem\u00e1s, instituye al primer jueves de cada a\u00f1o como \u201cD\u00eda Provincial de la Concientizaci\u00f3n de la Dislexia y Dificultades Espec\u00edficas del Aprendizaje\u201d.<\/p>\n<p>  Al respecto, el diputado Emiliano Balb\u00edn afirm\u00f3 que \u201clas DEA son alteraciones neurobiol\u00f3gicas que generan trastornos y dificultan la capacidad de aprender, la importancia de esta ley es poner en igualdad a todas las personas que pasan momentos de incertidumbre sin saber cu\u00e1l es el problema que los aqueja porque tardan mucho tiempo en diagnosticarlo\u201d.<\/p>\n","protected":false},"excerpt":{"rendered":"<p>La C\u00e1mara de Diputados bonaerense sancion\u00f3 la adhesi\u00f3n a la Ley Nacional N\u00b0 27306 que establece como objetivo prioritario garantizar el derecho a la educaci\u00f3n de los ni\u00f1os, ni\u00f1as, adolescentes y adultos que presentan Dificultades Especificas del Aprendizaje (DEA). La dislexia es la m\u00e1s conocida de las DEA y se trata de un trastorno de [&hellip;]<\/p>\n","protected":false},"author":4,"featured_media":38538,"comment_status":"open","ping_status":"closed","sticky":false,"template":"","format":"standard","meta":{"om_disable_all_campaigns":false,"_jetpack_memberships_contains_paid_content":false,"footnotes":""},"categories":[621],"tags":[],"class_list":["post-38536","post","type-post","status-publish","format-standard","has-post-thumbnail","hentry","category-regionales"],"aioseo_notices":[],"gutentor_comment":0,"jetpack_featured_media_url":"https:\/\/eldiariodesanpedro.com.ar\/sitio\/wp-content\/uploads\/2018\/08\/dislexia-infantil.jpg","jetpack_shortlink":"https:\/\/wp.me\/p6RhLt-a1y","jetpack_sharing_enabled":true,"_links":{"self":[{"href":"https:\/\/eldiariodesanpedro.com.ar\/sitio\/wp-json\/wp\/v2\/posts\/38536","targetHints":{"allow":["GET"]}}],"collection":[{"href":"https:\/\/eldiariodesanpedro.com.ar\/sitio\/wp-json\/wp\/v2\/posts"}],"about":[{"href":"https:\/\/eldiariodesanpedro.com.ar\/sitio\/wp-json\/wp\/v2\/types\/post"}],"author":[{"embeddable":true,"href":"https:\/\/eldiariodesanpedro.com.ar\/sitio\/wp-json\/wp\/v2\/users\/4"}],"replies":[{"embeddable":true,"href":"https:\/\/eldiariodesanpedro.com.ar\/sitio\/wp-json\/wp\/v2\/comments?post=38536"}],"version-history":[{"count":1,"href":"https:\/\/eldiariodesanpedro.com.ar\/sitio\/wp-json\/wp\/v2\/posts\/38536\/revisions"}],"predecessor-version":[{"id":38540,"href":"https:\/\/eldiariodesanpedro.com.ar\/sitio\/wp-json\/wp\/v2\/posts\/38536\/revisions\/38540"}],"wp:featuredmedia":[{"embeddable":true,"href":"https:\/\/eldiariodesanpedro.com.ar\/sitio\/wp-json\/wp\/v2\/media\/38538"}],"wp:attachment":[{"href":"https:\/\/eldiariodesanpedro.com.ar\/sitio\/wp-json\/wp\/v2\/media?parent=38536"}],"wp:term":[{"taxonomy":"category","embeddable":true,"href":"https:\/\/eldiariodesanpedro.com.ar\/sitio\/wp-json\/wp\/v2\/categories?post=38536"},{"taxonomy":"post_tag","embeddable":true,"href":"https:\/\/eldiariodesanpedro.com.ar\/sitio\/wp-json\/wp\/v2\/tags?post=38536"}],"curies":[{"name":"wp","href":"https:\/\/api.w.org\/{rel}","templated":true}]}}