{"id":38531,"date":"2018-08-16T19:25:19","date_gmt":"2018-08-16T22:25:19","guid":{"rendered":"https:\/\/eldiariodesanpedro.com.ar\/sitio\/?p=38531"},"modified":"2018-08-16T19:25:19","modified_gmt":"2018-08-16T22:25:19","slug":"es-volver-a-empezar-dijo-el-propietario-del-minimercado-santino-luego-del-robo-esta-madrugada","status":"publish","type":"post","link":"https:\/\/eldiariodesanpedro.com.ar\/sitio\/es-volver-a-empezar-dijo-el-propietario-del-minimercado-santino-luego-del-robo-esta-madrugada\/","title":{"rendered":"\u00abEs volver a empezar\u00bb dijo el propietario del minimercado Santino luego del robo esta madrugada"},"content":{"rendered":"<p><!-- VideographyWP Plugin Message: Automatic video embedding prevented by plugin options. --><br \/>\nEsta madrugada delincuentes cortaron las rejas y violentaron la puerta de blindex de un minimercado de nombre Santino ubicado en intersecci\u00f3n de calles Pellegrini y Urraco.<\/p>\n<p>Su propietario, este jueves por la ma\u00f1ana, como todos los d\u00edas, fue abrir normalmente su negocio y se encontr\u00f3 con una triste sorpresa; hab\u00edan cortado la reja y violentado la cerradura del blindex.<\/p>\n<p>\u00abPor un agujero que quedo de la reja, mas o menos de 40 cm, se llevaron tres balanzas, bolsas de papa, conservas, un costillar, muchos cortes de carne, cuchillos de carnicer\u00eda  un pago que hab\u00eda dejado de 3.500 pesos para la coca cola y ademas me destrozaron todo el local\u00bb contaba  Juan Manuel Bertoni, due\u00f1o del mercado a este medio.<\/p>\n<p>\u00abLa madrugada es oscura en esta zona, los muchachos hicieron bien su trabajo, nadie escucho nada, pero solos no pudieron, la carne pesa mas de 30kg que se llevaron!\u00bb agrego.<\/p>\n<p>Como se pudo seguir trabajando? a nuestra pregunta, contesto con mucha tristeza \u00abpuntualmente un colega de la esquina que tiene polleria nos presto una balanza, gracias a el y otros colegas mas pude arrancar de nuevo\u00bb; \u00bb Es volver a empezar\u00bb dijo entre lagrimas \u00abya nos han robado tres o cuatro veces por eso ten\u00edamos tantos candados, te genera mucha ira e impotencia, no te dan ganas de venir a trabajar, te sent\u00eds solo\u00bb.<\/p>\n<p>Luego de radicar la denuncia, nos comparti\u00f3 parte del dialogo que tuvo con los efectivos policiales y nos dec\u00eda que, \u00absu respuesta fue que con tres patrulleros mucho no pueden hacer pero que la mayor\u00eda son menores y el Juez de Garant\u00edas los deja libre y vuelven con sus progenitores al otro d\u00eda\u00bb.<\/p>\n<p>\u00abAs\u00ed estamos, a los vecinos nos robaron a casi todos, somos los pobres contra los pobres\u00bb finalizo la nota.<\/p>\n<p>Luego de la noticia, esta tarde noche, se produjo una diligencia de allanamiento en una vivienda ubicada en calle Basavilbaso al 100 donde encontraron parte de la mercader\u00eda sustra\u00edda en el mercado y fue aprehendido el morador, un joven  que estaba durmiendo cuando lleg\u00f3 la polic\u00eda al lugar y que se resisti\u00f3 a colaborar en el procedimiento.<\/p>\n","protected":false},"excerpt":{"rendered":"<p>Esta madrugada delincuentes cortaron las rejas y violentaron la puerta de blindex de un minimercado de nombre Santino ubicado en intersecci\u00f3n de calles Pellegrini y Urraco. Su propietario, este jueves por la ma\u00f1ana, como todos los d\u00edas, fue abrir normalmente su negocio y se encontr\u00f3 con una triste sorpresa; hab\u00edan cortado la reja y violentado [&hellip;]<\/p>\n","protected":false},"author":4,"featured_media":38533,"comment_status":"open","ping_status":"closed","sticky":false,"template":"","format":"standard","meta":{"om_disable_all_campaigns":false,"_jetpack_memberships_contains_paid_content":false,"footnotes":""},"categories":[50,2,103],"tags":[],"class_list":["post-38531","post","type-post","status-publish","format-standard","has-post-thumbnail","hentry","category-destacadas","category-locales","category-policiales-locales"],"aioseo_notices":[],"gutentor_comment":1,"jetpack_featured_media_url":"https:\/\/eldiariodesanpedro.com.ar\/sitio\/wp-content\/uploads\/2018\/08\/39289156_781891665493000_5514686124859064320_n.png","jetpack_shortlink":"https:\/\/wp.me\/p6RhLt-a1t","jetpack_sharing_enabled":true,"_links":{"self":[{"href":"https:\/\/eldiariodesanpedro.com.ar\/sitio\/wp-json\/wp\/v2\/posts\/38531","targetHints":{"allow":["GET"]}}],"collection":[{"href":"https:\/\/eldiariodesanpedro.com.ar\/sitio\/wp-json\/wp\/v2\/posts"}],"about":[{"href":"https:\/\/eldiariodesanpedro.com.ar\/sitio\/wp-json\/wp\/v2\/types\/post"}],"author":[{"embeddable":true,"href":"https:\/\/eldiariodesanpedro.com.ar\/sitio\/wp-json\/wp\/v2\/users\/4"}],"replies":[{"embeddable":true,"href":"https:\/\/eldiariodesanpedro.com.ar\/sitio\/wp-json\/wp\/v2\/comments?post=38531"}],"version-history":[{"count":1,"href":"https:\/\/eldiariodesanpedro.com.ar\/sitio\/wp-json\/wp\/v2\/posts\/38531\/revisions"}],"predecessor-version":[{"id":38534,"href":"https:\/\/eldiariodesanpedro.com.ar\/sitio\/wp-json\/wp\/v2\/posts\/38531\/revisions\/38534"}],"wp:featuredmedia":[{"embeddable":true,"href":"https:\/\/eldiariodesanpedro.com.ar\/sitio\/wp-json\/wp\/v2\/media\/38533"}],"wp:attachment":[{"href":"https:\/\/eldiariodesanpedro.com.ar\/sitio\/wp-json\/wp\/v2\/media?parent=38531"}],"wp:term":[{"taxonomy":"category","embeddable":true,"href":"https:\/\/eldiariodesanpedro.com.ar\/sitio\/wp-json\/wp\/v2\/categories?post=38531"},{"taxonomy":"post_tag","embeddable":true,"href":"https:\/\/eldiariodesanpedro.com.ar\/sitio\/wp-json\/wp\/v2\/tags?post=38531"}],"curies":[{"name":"wp","href":"https:\/\/api.w.org\/{rel}","templated":true}]}}