{"id":38528,"date":"2018-08-16T17:54:45","date_gmt":"2018-08-16T20:54:45","guid":{"rendered":"https:\/\/eldiariodesanpedro.com.ar\/sitio\/?p=38528"},"modified":"2018-08-16T17:54:45","modified_gmt":"2018-08-16T20:54:45","slug":"san-nicolas-la-seguridad-en-las-escuelas-cada-vez-mas-cuestionada","status":"publish","type":"post","link":"https:\/\/eldiariodesanpedro.com.ar\/sitio\/san-nicolas-la-seguridad-en-las-escuelas-cada-vez-mas-cuestionada\/","title":{"rendered":"SAN NICOL\u00c1S: La seguridad en las escuelas, cada vez m\u00e1s cuestionada"},"content":{"rendered":"<p><!-- VideographyWP Plugin Message: Automatic video embedding prevented by plugin options. --><br \/>\nEn menos de dos semanas, tres establecimientos educativos de nuestra ciudad fueron evacuados ante la constataci\u00f3n de p\u00e9rdidas de gas, una eventualidad que despierta alta sensibilidad luego de la tragedia que le costara la vida a la vice directora y un auxiliar de una escuela de Moreno. \u00bfC\u00f3mo se procede ante una anomal\u00eda de este tipo? M\u00e1s all\u00e1 del protocolo de acci\u00f3n, \u00bfhay un plan de prevenci\u00f3n? Desde el Consejo Escolar aseguran que \u201cla comunidad debe estar tranquila\u201d porque los controles funcionan.<\/p>\n<p>El martes \u00faltimo, las autoridades de la Escuela Normal Rafael Obligado procedieron con la ejecuci\u00f3n del protocolo de evacuaci\u00f3n de los cursos del turno tarde luego de constatarse un intenso olor a gas en un sector del establecimiento que funciona como unidad acad\u00e9mica. Este episodio se suma a situaciones similares que se dieron la semana pasada en el Jard\u00edn de Infantes N\u00ba 918 de barrio San Mart\u00edn y en el edificio donde funcionan la EP N\u00ba 43 y la ES N\u00ba 23, en barrio San Jorge. Y est\u00e1n contextualizados por la tragedia ocurrida -d\u00edas atr\u00e1s- en la escuela N\u00ba 49 de la localidad de Moreno, donde una falla en la red de gas provoc\u00f3 una explosi\u00f3n y la consecuente muerte de una docente vice directora y un auxiliar del establecimiento. Este hecho, adem\u00e1s de generar la solidaridad de la comunidad educativa en todo el pa\u00eds, puso en la agenda el rol de contralor que debe cumplir -tambi\u00e9n- el Consejo Escolar como ente p\u00fablico encargado de garantizar la seguridad en los establecimientos escolares de \u00e1mbito p\u00fablico.<\/p>\n<p>EL NORTE se comunic\u00f3 con las autoridades del Consejo Escolar de San Nicol\u00e1s (CESN) a fin de conocer el mecanismo de acci\u00f3n no solo al momento de recibir una denuncia por anomal\u00edas en las instalaciones de gas o electricidad, sino tambi\u00e9n en cuando al plan de control aplicado a la prevenci\u00f3n de eventualidades.<\/p>\n<p>\u201cA principios de marzo se procede a la inspecci\u00f3n que se conoce como \u00abRiesgo de inicio\u00bb, mediante la cual se constata que, en el caso del gas, los artefactos funcionen correctamente. Se encienden los calefactores, los hornos, los termotanques, etc. Si algo no funciona de manera adecuada se procede a trabajar en la reparaci\u00f3n de la falla para garantizar condiciones de seguridad \u00f3ptimas\u201d, cont\u00f3 la vice directora del CESN, Malena Albert.<\/p>\n<p>Plan preventivo<br \/>\nLa inspecci\u00f3n de \u00abRiesgo de inicio\u00bb es realizada por una cuadrilla que cuenta con gasistas, electricistas, arquitectos, entre otros profesionales. En tanto la constataci\u00f3n de una anomal\u00eda eventual durante el transcurso del ciclo lectivo supone una responsabilidad civil en las autoridades de cada establecimiento educativo, encargadas de dar el aviso correspondiente. El reglamento General de Escuelas, a trav\u00e9s del Decreto N\u00ba 2299, faculta al Director de escuela a suspender las jornada de clases cuando se constate una eventualidad que pueda poner en riesgo la seguridad de esa comunidad educativa. Asimismo cada escuela tiene un plan de evaluaci\u00f3n de riesgos, y la responsabilidad de controlar que ese plan se lleve a cabo est\u00e1 en los Inspectores del \u00e1rea.<\/p>\n<p> \u201cQueremos llevar la tranquilidad a la comunidad en el sentido de que el CESN est\u00e1 las 24 horas del d\u00eda disponible para atender cualquier tipo de eventualidad. Lo importante es que cada problema denunciado se atiende en lo inmediato\u201d, afirma Albert.<br \/>\nDe acuerdo a lo que manifest\u00f3 la vice Directora del CESN, \u201clos controles preventivos se realizan rigurosamente. De hecho, ya estamos trabajando en \u00abRiesgo de inicio\u00bb 2019. Se constata el estado de los tapiales, ventanas, mobiliarios, instalaciones de servicios, rejas, etc\u201d, asegur\u00f3.<br \/>\nFuente: Diario El Norte<\/p>\n","protected":false},"excerpt":{"rendered":"<p>En menos de dos semanas, tres establecimientos educativos de nuestra ciudad fueron evacuados ante la constataci\u00f3n de p\u00e9rdidas de gas, una eventualidad que despierta alta sensibilidad luego de la tragedia que le costara la vida a la vice directora y un auxiliar de una escuela de Moreno. \u00bfC\u00f3mo se procede ante una anomal\u00eda de este [&hellip;]<\/p>\n","protected":false},"author":4,"featured_media":38529,"comment_status":"open","ping_status":"closed","sticky":false,"template":"","format":"standard","meta":{"om_disable_all_campaigns":false,"_jetpack_memberships_contains_paid_content":false,"footnotes":""},"categories":[621],"tags":[],"class_list":["post-38528","post","type-post","status-publish","format-standard","has-post-thumbnail","hentry","category-regionales"],"aioseo_notices":[],"gutentor_comment":0,"jetpack_featured_media_url":"https:\/\/eldiariodesanpedro.com.ar\/sitio\/wp-content\/uploads\/2018\/08\/PAGINA-7-1.jpg","jetpack_shortlink":"https:\/\/wp.me\/p6RhLt-a1q","jetpack_sharing_enabled":true,"_links":{"self":[{"href":"https:\/\/eldiariodesanpedro.com.ar\/sitio\/wp-json\/wp\/v2\/posts\/38528","targetHints":{"allow":["GET"]}}],"collection":[{"href":"https:\/\/eldiariodesanpedro.com.ar\/sitio\/wp-json\/wp\/v2\/posts"}],"about":[{"href":"https:\/\/eldiariodesanpedro.com.ar\/sitio\/wp-json\/wp\/v2\/types\/post"}],"author":[{"embeddable":true,"href":"https:\/\/eldiariodesanpedro.com.ar\/sitio\/wp-json\/wp\/v2\/users\/4"}],"replies":[{"embeddable":true,"href":"https:\/\/eldiariodesanpedro.com.ar\/sitio\/wp-json\/wp\/v2\/comments?post=38528"}],"version-history":[{"count":1,"href":"https:\/\/eldiariodesanpedro.com.ar\/sitio\/wp-json\/wp\/v2\/posts\/38528\/revisions"}],"predecessor-version":[{"id":38530,"href":"https:\/\/eldiariodesanpedro.com.ar\/sitio\/wp-json\/wp\/v2\/posts\/38528\/revisions\/38530"}],"wp:featuredmedia":[{"embeddable":true,"href":"https:\/\/eldiariodesanpedro.com.ar\/sitio\/wp-json\/wp\/v2\/media\/38529"}],"wp:attachment":[{"href":"https:\/\/eldiariodesanpedro.com.ar\/sitio\/wp-json\/wp\/v2\/media?parent=38528"}],"wp:term":[{"taxonomy":"category","embeddable":true,"href":"https:\/\/eldiariodesanpedro.com.ar\/sitio\/wp-json\/wp\/v2\/categories?post=38528"},{"taxonomy":"post_tag","embeddable":true,"href":"https:\/\/eldiariodesanpedro.com.ar\/sitio\/wp-json\/wp\/v2\/tags?post=38528"}],"curies":[{"name":"wp","href":"https:\/\/api.w.org\/{rel}","templated":true}]}}