{"id":38525,"date":"2018-08-16T17:49:57","date_gmt":"2018-08-16T20:49:57","guid":{"rendered":"https:\/\/eldiariodesanpedro.com.ar\/sitio\/?p=38525"},"modified":"2018-08-16T17:49:57","modified_gmt":"2018-08-16T20:49:57","slug":"provincial-el-gobierno-convoco-a-la-paritaria-salarial-docente-para-el-proximo-jueves","status":"publish","type":"post","link":"https:\/\/eldiariodesanpedro.com.ar\/sitio\/provincial-el-gobierno-convoco-a-la-paritaria-salarial-docente-para-el-proximo-jueves\/","title":{"rendered":"PROVINCIAL: El Gobierno convoc\u00f3 a la paritaria salarial docente para el pr\u00f3ximo jueves"},"content":{"rendered":"<p><!-- VideographyWP Plugin Message: Automatic video embedding prevented by plugin options. --><br \/>\nEl encuentro qued\u00f3 pactado para el pr\u00f3ximo jueves 23 en el marco de la conciliaci\u00f3n obligatoria que rige hasta este s\u00e1bado. Durante la \u00faltima reuni\u00f3n paritaria la administraci\u00f3n de Mar\u00eda Eugenia Vidal propuso un incremento del 15% m\u00e1s una suma de 1,7% en concepto de material did\u00e1ctico hasta julio, oferta que incluye una nueva convocatoria en agosto. <\/p>\n<p>El Gobierno bonaerense convoc\u00f3 este viernes a los docentes a discutir una nueva paritaria para el pr\u00f3ximo jueves 23 en el marco de la conciliaci\u00f3n obligatoria que rige hasta este s\u00e1bado. Desde el Frente de Unidad Docente Bonaerense (FUDB) hab\u00edan amenazado con efectivizar el paro por 72 horas votado para despu\u00e9s del receso invernal.<\/p>\n<p>La huelga hab\u00eda sido suspendida por la conciliaci\u00f3n, al tiempo que realizaron una masiva marcha para reclamar una nueva instancia de negociaci\u00f3n, as\u00ed como tambi\u00e9n por soluciones para la infraestructura escolar.<\/p>\n<p>Seg\u00fan inform\u00f3 DIB, la nueva instancia de negociaci\u00f3n salarial se desarrollar\u00e1 en el Ministerio de Econom\u00eda bonaerense el pr\u00f3ximo jueves 23 a las 13 horas.<\/p>\n<p>Durante la \u00faltima reuni\u00f3n paritaria la administraci\u00f3n deMar\u00eda Eugenia Vidal propuso un incremento del 15% m\u00e1s una suma de 1,7% en concepto de material did\u00e1ctico hasta julio, oferta que incluye una nueva convocatoria en agosto.<\/p>\n","protected":false},"excerpt":{"rendered":"<p>El encuentro qued\u00f3 pactado para el pr\u00f3ximo jueves 23 en el marco de la conciliaci\u00f3n obligatoria que rige hasta este s\u00e1bado. Durante la \u00faltima reuni\u00f3n paritaria la administraci\u00f3n de Mar\u00eda Eugenia Vidal propuso un incremento del 15% m\u00e1s una suma de 1,7% en concepto de material did\u00e1ctico hasta julio, oferta que incluye una nueva convocatoria [&hellip;]<\/p>\n","protected":false},"author":4,"featured_media":38526,"comment_status":"open","ping_status":"closed","sticky":false,"template":"","format":"standard","meta":{"om_disable_all_campaigns":false,"_jetpack_memberships_contains_paid_content":false,"footnotes":""},"categories":[621],"tags":[],"class_list":["post-38525","post","type-post","status-publish","format-standard","has-post-thumbnail","hentry","category-regionales"],"aioseo_notices":[],"gutentor_comment":0,"jetpack_featured_media_url":"https:\/\/eldiariodesanpedro.com.ar\/sitio\/wp-content\/uploads\/2018\/08\/ctera-03022018-g.jpg","jetpack_shortlink":"https:\/\/wp.me\/p6RhLt-a1n","jetpack_sharing_enabled":true,"_links":{"self":[{"href":"https:\/\/eldiariodesanpedro.com.ar\/sitio\/wp-json\/wp\/v2\/posts\/38525","targetHints":{"allow":["GET"]}}],"collection":[{"href":"https:\/\/eldiariodesanpedro.com.ar\/sitio\/wp-json\/wp\/v2\/posts"}],"about":[{"href":"https:\/\/eldiariodesanpedro.com.ar\/sitio\/wp-json\/wp\/v2\/types\/post"}],"author":[{"embeddable":true,"href":"https:\/\/eldiariodesanpedro.com.ar\/sitio\/wp-json\/wp\/v2\/users\/4"}],"replies":[{"embeddable":true,"href":"https:\/\/eldiariodesanpedro.com.ar\/sitio\/wp-json\/wp\/v2\/comments?post=38525"}],"version-history":[{"count":1,"href":"https:\/\/eldiariodesanpedro.com.ar\/sitio\/wp-json\/wp\/v2\/posts\/38525\/revisions"}],"predecessor-version":[{"id":38527,"href":"https:\/\/eldiariodesanpedro.com.ar\/sitio\/wp-json\/wp\/v2\/posts\/38525\/revisions\/38527"}],"wp:featuredmedia":[{"embeddable":true,"href":"https:\/\/eldiariodesanpedro.com.ar\/sitio\/wp-json\/wp\/v2\/media\/38526"}],"wp:attachment":[{"href":"https:\/\/eldiariodesanpedro.com.ar\/sitio\/wp-json\/wp\/v2\/media?parent=38525"}],"wp:term":[{"taxonomy":"category","embeddable":true,"href":"https:\/\/eldiariodesanpedro.com.ar\/sitio\/wp-json\/wp\/v2\/categories?post=38525"},{"taxonomy":"post_tag","embeddable":true,"href":"https:\/\/eldiariodesanpedro.com.ar\/sitio\/wp-json\/wp\/v2\/tags?post=38525"}],"curies":[{"name":"wp","href":"https:\/\/api.w.org\/{rel}","templated":true}]}}