{"id":38522,"date":"2018-08-16T17:46:36","date_gmt":"2018-08-16T20:46:36","guid":{"rendered":"https:\/\/eldiariodesanpedro.com.ar\/sitio\/?p=38522"},"modified":"2018-08-16T17:46:36","modified_gmt":"2018-08-16T20:46:36","slug":"provincial-cuanto-perdera-la-provincia-durante-el-2019-ante-la-eliminacion-del-fondo-sojero","status":"publish","type":"post","link":"https:\/\/eldiariodesanpedro.com.ar\/sitio\/provincial-cuanto-perdera-la-provincia-durante-el-2019-ante-la-eliminacion-del-fondo-sojero\/","title":{"rendered":"PROVINCIAL: Cu\u00e1nto perder\u00e1 la Provincia durante el 2019, ante la eliminaci\u00f3n del \u201cfondo sojero\u201d"},"content":{"rendered":"<p><!-- VideographyWP Plugin Message: Automatic video embedding prevented by plugin options. --><br \/>\nLa medida anunciada por el Gobierno Nacional sacude las arcas del Estado bonaerense y de los 135 municipios. De qu\u00e9 forma impacta la medida en la econom\u00eda del a\u00f1o que se acerca.<\/p>\n<p>La medida anunciada por el Gobierno Nacional sacude las arcas del Estado bonaerense y de los 135 municipios. De qu\u00e9 forma impacta la medida en la econom\u00eda del a\u00f1o que se acerca.<\/p>\n<p>Mediante un Decreto de Necesidad de Urgencia, el Gobierno Nacional de Mauricio Macri anunci\u00f3 la eliminaci\u00f3n del Fondo Federal Solidario (FOFESO), el llamado \u201cFondo Sojero\u201d, anuncio que gener\u00f3 revuelo en todas las provincias argentinas. Sus efectos se notar\u00e1n en la provincia de Buenos Aires y los 135 municipios.<\/p>\n<p>Dato no menor, el \u201cfondo sojero\u201d derram\u00f3 unos 1.300 millones de pesos en 2017 e iba a repartir otros 2 mil millones a lo largo de 2018 en los 135 municipios bonaerenses.<\/p>\n<p>Seg\u00fan trascendi\u00f3, la medida generar\u00e1 una perdida estimada a la Provincia de 1.400 millones y de 600 millones de pesos para los municipios. El Fondo estaba presupuestado en 5.400 millones de pesos y en general (Provincia y Municipios), recibieron hasta ahora 3.400 millones de pesos.<br \/>\nAdem\u00e1s, dentro de las proyecciones que se estiman, el impacto para el 2019 en la Provincia ser\u00e1 de 6.000 millones de pesos y en los municipios de 2.500 millones de pesos.<\/p>\n<p>En marzo 2009, durante el gobierno de Cristina Fern\u00e1ndez de Kirchner, se cre\u00f3 el FOFESO a trav\u00e9s de un Decreto de Necesidad y Urgencia, con la finalidad de financiar, en provincias y municipios, obras que contribuyan a la mejora de la infraestructura sanitaria, educativa, hospitalaria, de vivienda o vial en \u00e1mbitos urbanos o rurales, con expresa prohibici\u00f3n de utilizar las sumas que lo compongan para el financiamiento de gastos corrientes.<\/p>\n<p>Fuente: Info Cielo<\/p>\n","protected":false},"excerpt":{"rendered":"<p>La medida anunciada por el Gobierno Nacional sacude las arcas del Estado bonaerense y de los 135 municipios. De qu\u00e9 forma impacta la medida en la econom\u00eda del a\u00f1o que se acerca. La medida anunciada por el Gobierno Nacional sacude las arcas del Estado bonaerense y de los 135 municipios. De qu\u00e9 forma impacta la [&hellip;]<\/p>\n","protected":false},"author":4,"featured_media":38523,"comment_status":"open","ping_status":"closed","sticky":false,"template":"","format":"standard","meta":{"om_disable_all_campaigns":false,"_jetpack_memberships_contains_paid_content":false,"footnotes":""},"categories":[621],"tags":[],"class_list":["post-38522","post","type-post","status-publish","format-standard","has-post-thumbnail","hentry","category-regionales"],"aioseo_notices":[],"gutentor_comment":0,"jetpack_featured_media_url":"https:\/\/eldiariodesanpedro.com.ar\/sitio\/wp-content\/uploads\/2018\/08\/PAGINA-6-1.jpg","jetpack_shortlink":"https:\/\/wp.me\/p6RhLt-a1k","jetpack_sharing_enabled":true,"_links":{"self":[{"href":"https:\/\/eldiariodesanpedro.com.ar\/sitio\/wp-json\/wp\/v2\/posts\/38522","targetHints":{"allow":["GET"]}}],"collection":[{"href":"https:\/\/eldiariodesanpedro.com.ar\/sitio\/wp-json\/wp\/v2\/posts"}],"about":[{"href":"https:\/\/eldiariodesanpedro.com.ar\/sitio\/wp-json\/wp\/v2\/types\/post"}],"author":[{"embeddable":true,"href":"https:\/\/eldiariodesanpedro.com.ar\/sitio\/wp-json\/wp\/v2\/users\/4"}],"replies":[{"embeddable":true,"href":"https:\/\/eldiariodesanpedro.com.ar\/sitio\/wp-json\/wp\/v2\/comments?post=38522"}],"version-history":[{"count":1,"href":"https:\/\/eldiariodesanpedro.com.ar\/sitio\/wp-json\/wp\/v2\/posts\/38522\/revisions"}],"predecessor-version":[{"id":38524,"href":"https:\/\/eldiariodesanpedro.com.ar\/sitio\/wp-json\/wp\/v2\/posts\/38522\/revisions\/38524"}],"wp:featuredmedia":[{"embeddable":true,"href":"https:\/\/eldiariodesanpedro.com.ar\/sitio\/wp-json\/wp\/v2\/media\/38523"}],"wp:attachment":[{"href":"https:\/\/eldiariodesanpedro.com.ar\/sitio\/wp-json\/wp\/v2\/media?parent=38522"}],"wp:term":[{"taxonomy":"category","embeddable":true,"href":"https:\/\/eldiariodesanpedro.com.ar\/sitio\/wp-json\/wp\/v2\/categories?post=38522"},{"taxonomy":"post_tag","embeddable":true,"href":"https:\/\/eldiariodesanpedro.com.ar\/sitio\/wp-json\/wp\/v2\/tags?post=38522"}],"curies":[{"name":"wp","href":"https:\/\/api.w.org\/{rel}","templated":true}]}}