{"id":38511,"date":"2018-08-16T17:44:28","date_gmt":"2018-08-16T20:44:28","guid":{"rendered":"https:\/\/eldiariodesanpedro.com.ar\/sitio\/?p=38511"},"modified":"2018-08-16T17:44:28","modified_gmt":"2018-08-16T20:44:28","slug":"provincial-alarmante-en-el-primer-semestre-del-ano-hubo-un-femicidio-cada-cuatro-dias-en-la-provincia","status":"publish","type":"post","link":"https:\/\/eldiariodesanpedro.com.ar\/sitio\/provincial-alarmante-en-el-primer-semestre-del-ano-hubo-un-femicidio-cada-cuatro-dias-en-la-provincia\/","title":{"rendered":"PROVINCIAL: Alarmante: en el primer semestre del a\u00f1o hubo un femicidio cada cuatro d\u00edas en la Provincia"},"content":{"rendered":"<p><!-- VideographyWP Plugin Message: Automatic video embedding prevented by plugin options. --><br \/>\nEn territorio bonaerense fueron 42 los cr\u00edmenes de mujeres cuyo m\u00f3vil obedeci\u00f3 a cuestiones de g\u00e9nero. En el pa\u00eds esa cifra ascendi\u00f3 a 139.<br \/>\nUn relevamiento efectuado por el Observatorio de la Defensor\u00eda del Pueblo de la Naci\u00f3n revel\u00f3 que en la provincia de Buenos Aires se cometieron durante el primer semestre de este a\u00f1o 42 femicidios, y esa cifra ascendi\u00f3 a 139 si se toma en cuenta a todo el pa\u00eds.<\/p>\n<p>El trabajo contiene la totalidad de casos relevados de asesinatos a mujeres (ni\u00f1as, adolescentes y\/o adultas), personas Trans, perpetradas por hombres por razones asociadas con su g\u00e9nero, caratuladas como femicidio o por muerte dudosa bajo sospecha de femicidio y, tambi\u00e9n, incluye los casos de femicidios vinculados.<\/p>\n<p>El 18% de las v\u00edctimas fueron menores de 18 a\u00f1os; el 30,9% de entre 19 y 30 a\u00f1os; el 29,5% corresponde a v\u00edctimas de entre 31 y 50 a\u00f1os y el 20,9% a mujeres mayores de 50 a\u00f1os. Dentro de las 25 v\u00edctimas menores de 18 a\u00f1os, 13 son menores de 11 a\u00f1os.<\/p>\n<p>Del total de femicidios se registr\u00f3 la existencia de denuncias en el 27%, mientras que en el 45% no se registra informaci\u00f3n y el 72% no realiz\u00f3 denuncia.<\/p>\n<p>Sin embargo, testigos allegados a las v\u00edctimas expresaron la existencia de episodios de violencias previos. En tanto, la mayor cantidad de casos fueron cometidos por hombres adultos.<\/p>\n<p>Sobre la modalidad, en un gran n\u00famero de casos, los asesinatos fueron cometidos mediante el uso de armas de fuego o por apu\u00f1alamiento, en tanto que, un alto porcentaje de las v\u00edctimas fueron golpeadas o estranguladas.<\/p>\n<p>La provincia en la que m\u00e1s casos se produjeron fue Buenos Aires, con un total de 42 en lo que va del a\u00f1o. Le siguen C\u00f3rdoba con 14 casos; Santa Fe con 13 casos confirmados; Tucum\u00e1n con 11 y en Mendoza 9.<\/p>\n<p>En cuanto a las v\u00edctimas colaterales, se afirma que 55 ni\u00f1os quedaron sin madre y 4 ni\u00f1os por nacer murieron durante el embarazo de su madre asesinada, restando el 33% del total de casos sin confirmar datos.<\/p>\n<p>Fuente: Info Cielo<\/p>\n","protected":false},"excerpt":{"rendered":"<p>En territorio bonaerense fueron 42 los cr\u00edmenes de mujeres cuyo m\u00f3vil obedeci\u00f3 a cuestiones de g\u00e9nero. En el pa\u00eds esa cifra ascendi\u00f3 a 139. Un relevamiento efectuado por el Observatorio de la Defensor\u00eda del Pueblo de la Naci\u00f3n revel\u00f3 que en la provincia de Buenos Aires se cometieron durante el primer semestre de este a\u00f1o [&hellip;]<\/p>\n","protected":false},"author":4,"featured_media":38520,"comment_status":"open","ping_status":"closed","sticky":false,"template":"","format":"standard","meta":{"om_disable_all_campaigns":false,"_jetpack_memberships_contains_paid_content":false,"footnotes":""},"categories":[621],"tags":[],"class_list":["post-38511","post","type-post","status-publish","format-standard","has-post-thumbnail","hentry","category-regionales"],"aioseo_notices":[],"gutentor_comment":0,"jetpack_featured_media_url":"https:\/\/eldiariodesanpedro.com.ar\/sitio\/wp-content\/uploads\/2018\/08\/000070844.jpg","jetpack_shortlink":"https:\/\/wp.me\/p6RhLt-a19","jetpack_sharing_enabled":true,"_links":{"self":[{"href":"https:\/\/eldiariodesanpedro.com.ar\/sitio\/wp-json\/wp\/v2\/posts\/38511","targetHints":{"allow":["GET"]}}],"collection":[{"href":"https:\/\/eldiariodesanpedro.com.ar\/sitio\/wp-json\/wp\/v2\/posts"}],"about":[{"href":"https:\/\/eldiariodesanpedro.com.ar\/sitio\/wp-json\/wp\/v2\/types\/post"}],"author":[{"embeddable":true,"href":"https:\/\/eldiariodesanpedro.com.ar\/sitio\/wp-json\/wp\/v2\/users\/4"}],"replies":[{"embeddable":true,"href":"https:\/\/eldiariodesanpedro.com.ar\/sitio\/wp-json\/wp\/v2\/comments?post=38511"}],"version-history":[{"count":1,"href":"https:\/\/eldiariodesanpedro.com.ar\/sitio\/wp-json\/wp\/v2\/posts\/38511\/revisions"}],"predecessor-version":[{"id":38521,"href":"https:\/\/eldiariodesanpedro.com.ar\/sitio\/wp-json\/wp\/v2\/posts\/38511\/revisions\/38521"}],"wp:featuredmedia":[{"embeddable":true,"href":"https:\/\/eldiariodesanpedro.com.ar\/sitio\/wp-json\/wp\/v2\/media\/38520"}],"wp:attachment":[{"href":"https:\/\/eldiariodesanpedro.com.ar\/sitio\/wp-json\/wp\/v2\/media?parent=38511"}],"wp:term":[{"taxonomy":"category","embeddable":true,"href":"https:\/\/eldiariodesanpedro.com.ar\/sitio\/wp-json\/wp\/v2\/categories?post=38511"},{"taxonomy":"post_tag","embeddable":true,"href":"https:\/\/eldiariodesanpedro.com.ar\/sitio\/wp-json\/wp\/v2\/tags?post=38511"}],"curies":[{"name":"wp","href":"https:\/\/api.w.org\/{rel}","templated":true}]}}