{"id":38510,"date":"2018-08-16T12:39:39","date_gmt":"2018-08-16T15:39:39","guid":{"rendered":"https:\/\/eldiariodesanpedro.com.ar\/sitio\/?p=38510"},"modified":"2018-08-16T12:39:39","modified_gmt":"2018-08-16T15:39:39","slug":"un-menor-le-arrebato-la-bici-y-la-mochila-de-su-nino","status":"publish","type":"post","link":"https:\/\/eldiariodesanpedro.com.ar\/sitio\/un-menor-le-arrebato-la-bici-y-la-mochila-de-su-nino\/","title":{"rendered":"Un menor le arrebat\u00f3 la bici y la mochila de su ni\u00f1o"},"content":{"rendered":"<p><!-- VideographyWP Plugin Message: Automatic video embedding prevented by plugin options. --><br \/>\nEl hecho ocurri\u00f3 el mi\u00e9rcoles por la tarde cuando una joven de 20 a\u00f1os de edad sal\u00eda de control con su hijo y un delincuente los sorprendi\u00f3 logrando sustraerle la bicicleta y una mochila que se encontraba en el interior del canasto.<\/p>\n<p>\u00bb Sal\u00eda de control, me dirijia para lo de m\u00ed hermana y un pendejo por la desesperaci\u00f3n que me dio, me robo la bici con la mochila que solo ten\u00eda ropa de m\u00ed hijo, pero la libreta sanitaria necesito, es lo \u00fanico que me interesa\u00bb contaba a este medio la victima.<\/p>\n<p>El delincuente logr\u00f3 su cometido en intersecci\u00f3n de las calles Combate de Obligado y Mat\u00edas Brenan, \u00abera un menor, por sus caracter\u00edsticas, es una mierda todo, no podes salir tranquila\u00bb finalizo la joven. ..<\/p>\n<p><img decoding=\"async\" data-attachment-id=\"38516\" data-permalink=\"https:\/\/eldiariodesanpedro.com.ar\/sitio\/un-menor-le-arrebato-la-bici-y-la-mochila-de-su-nino\/img-20180816-wa0000\/\" data-orig-file=\"https:\/\/eldiariodesanpedro.com.ar\/sitio\/wp-content\/uploads\/2018\/08\/IMG-20180816-WA0000.jpg\" data-orig-size=\"720,806\" data-comments-opened=\"1\" data-image-meta=\"{&quot;aperture&quot;:&quot;0&quot;,&quot;credit&quot;:&quot;&quot;,&quot;camera&quot;:&quot;&quot;,&quot;caption&quot;:&quot;&quot;,&quot;created_timestamp&quot;:&quot;0&quot;,&quot;copyright&quot;:&quot;&quot;,&quot;focal_length&quot;:&quot;0&quot;,&quot;iso&quot;:&quot;0&quot;,&quot;shutter_speed&quot;:&quot;0&quot;,&quot;title&quot;:&quot;&quot;,&quot;orientation&quot;:&quot;0&quot;}\" data-image-title=\"IMG-20180816-WA0000\" data-image-description=\"\" data-image-caption=\"\" data-large-file=\"https:\/\/eldiariodesanpedro.com.ar\/sitio\/wp-content\/uploads\/2018\/08\/IMG-20180816-WA0000.jpg\" class=\"alignnone size-full wp-image-38516 lazyload\" data-src=\"https:\/\/eldiariodesanpedro.com.ar\/sitio\/wp-content\/uploads\/2018\/08\/IMG-20180816-WA0000.jpg\" alt=\"\" width=\"720\" height=\"806\" data-srcset=\"https:\/\/eldiariodesanpedro.com.ar\/sitio\/wp-content\/uploads\/2018\/08\/IMG-20180816-WA0000.jpg 720w, https:\/\/eldiariodesanpedro.com.ar\/sitio\/wp-content\/uploads\/2018\/08\/IMG-20180816-WA0000-268x300.jpg 268w\" data-sizes=\"(max-width: 720px) 100vw, 720px\" src=\"data:image\/svg+xml;base64,PHN2ZyB3aWR0aD0iMSIgaGVpZ2h0PSIxIiB4bWxucz0iaHR0cDovL3d3dy53My5vcmcvMjAwMC9zdmciPjwvc3ZnPg==\" style=\"--smush-placeholder-width: 720px; --smush-placeholder-aspect-ratio: 720\/806;\" \/><\/p>\n","protected":false},"excerpt":{"rendered":"<p>El hecho ocurri\u00f3 el mi\u00e9rcoles por la tarde cuando una joven de 20 a\u00f1os de edad sal\u00eda de control con su hijo y un delincuente los sorprendi\u00f3 logrando sustraerle la bicicleta y una mochila que se encontraba en el interior del canasto. \u00bb Sal\u00eda de control, me dirijia para lo de m\u00ed hermana y un [&hellip;]<\/p>\n","protected":false},"author":4,"featured_media":38518,"comment_status":"open","ping_status":"closed","sticky":false,"template":"","format":"standard","meta":{"om_disable_all_campaigns":false,"_jetpack_memberships_contains_paid_content":false,"footnotes":""},"categories":[2,103],"tags":[],"class_list":["post-38510","post","type-post","status-publish","format-standard","has-post-thumbnail","hentry","category-locales","category-policiales-locales"],"aioseo_notices":[],"gutentor_comment":0,"jetpack_featured_media_url":"https:\/\/eldiariodesanpedro.com.ar\/sitio\/wp-content\/uploads\/2018\/08\/IMG-20180816-WA0002.jpg","jetpack_shortlink":"https:\/\/wp.me\/p6RhLt-a18","jetpack_sharing_enabled":true,"_links":{"self":[{"href":"https:\/\/eldiariodesanpedro.com.ar\/sitio\/wp-json\/wp\/v2\/posts\/38510","targetHints":{"allow":["GET"]}}],"collection":[{"href":"https:\/\/eldiariodesanpedro.com.ar\/sitio\/wp-json\/wp\/v2\/posts"}],"about":[{"href":"https:\/\/eldiariodesanpedro.com.ar\/sitio\/wp-json\/wp\/v2\/types\/post"}],"author":[{"embeddable":true,"href":"https:\/\/eldiariodesanpedro.com.ar\/sitio\/wp-json\/wp\/v2\/users\/4"}],"replies":[{"embeddable":true,"href":"https:\/\/eldiariodesanpedro.com.ar\/sitio\/wp-json\/wp\/v2\/comments?post=38510"}],"version-history":[{"count":1,"href":"https:\/\/eldiariodesanpedro.com.ar\/sitio\/wp-json\/wp\/v2\/posts\/38510\/revisions"}],"predecessor-version":[{"id":38519,"href":"https:\/\/eldiariodesanpedro.com.ar\/sitio\/wp-json\/wp\/v2\/posts\/38510\/revisions\/38519"}],"wp:featuredmedia":[{"embeddable":true,"href":"https:\/\/eldiariodesanpedro.com.ar\/sitio\/wp-json\/wp\/v2\/media\/38518"}],"wp:attachment":[{"href":"https:\/\/eldiariodesanpedro.com.ar\/sitio\/wp-json\/wp\/v2\/media?parent=38510"}],"wp:term":[{"taxonomy":"category","embeddable":true,"href":"https:\/\/eldiariodesanpedro.com.ar\/sitio\/wp-json\/wp\/v2\/categories?post=38510"},{"taxonomy":"post_tag","embeddable":true,"href":"https:\/\/eldiariodesanpedro.com.ar\/sitio\/wp-json\/wp\/v2\/tags?post=38510"}],"curies":[{"name":"wp","href":"https:\/\/api.w.org\/{rel}","templated":true}]}}