{"id":38502,"date":"2018-08-16T09:28:15","date_gmt":"2018-08-16T12:28:15","guid":{"rendered":"https:\/\/eldiariodesanpedro.com.ar\/sitio\/?p=38502"},"modified":"2018-08-16T09:28:15","modified_gmt":"2018-08-16T12:28:15","slug":"robo-de-una-motocicleta-110-cc","status":"publish","type":"post","link":"https:\/\/eldiariodesanpedro.com.ar\/sitio\/robo-de-una-motocicleta-110-cc\/","title":{"rendered":"Robo de una motocicleta 110 cc"},"content":{"rendered":"<p><!-- VideographyWP Plugin Message: Automatic video embedding prevented by plugin options. --><br \/>\nUna ciudadana de 36 a\u00f1os de edad, denuncio en la Dependencia local, que en momentos en que dejara su motocicleta 110 cc en la vereda de su domicilio, sito en calle Joaqu\u00edn V.Gonz\u00e1lez al  1200, sin medidas de seguridad, constata que delincuentes hab\u00edan sustra\u00eddo su moto. <\/p>\n<p>Interviene UFI N\u00b0 11 a cargo de la Dr Ramos.<\/p>\n","protected":false},"excerpt":{"rendered":"<p>Una ciudadana de 36 a\u00f1os de edad, denuncio en la Dependencia local, que en momentos en que dejara su motocicleta 110 cc en la vereda de su domicilio, sito en calle Joaqu\u00edn V.Gonz\u00e1lez al 1200, sin medidas de seguridad, constata que delincuentes hab\u00edan sustra\u00eddo su moto. Interviene UFI N\u00b0 11 a cargo de la Dr [&hellip;]<\/p>\n","protected":false},"author":4,"featured_media":24562,"comment_status":"open","ping_status":"closed","sticky":false,"template":"","format":"standard","meta":{"om_disable_all_campaigns":false,"_jetpack_memberships_contains_paid_content":false,"footnotes":""},"categories":[2,103],"tags":[],"class_list":["post-38502","post","type-post","status-publish","format-standard","has-post-thumbnail","hentry","category-locales","category-policiales-locales"],"aioseo_notices":[],"gutentor_comment":0,"jetpack_featured_media_url":"https:\/\/eldiariodesanpedro.com.ar\/sitio\/wp-content\/uploads\/2017\/10\/policia-patrulla-noche.jpg","jetpack_shortlink":"https:\/\/wp.me\/p6RhLt-a10","jetpack_sharing_enabled":true,"_links":{"self":[{"href":"https:\/\/eldiariodesanpedro.com.ar\/sitio\/wp-json\/wp\/v2\/posts\/38502","targetHints":{"allow":["GET"]}}],"collection":[{"href":"https:\/\/eldiariodesanpedro.com.ar\/sitio\/wp-json\/wp\/v2\/posts"}],"about":[{"href":"https:\/\/eldiariodesanpedro.com.ar\/sitio\/wp-json\/wp\/v2\/types\/post"}],"author":[{"embeddable":true,"href":"https:\/\/eldiariodesanpedro.com.ar\/sitio\/wp-json\/wp\/v2\/users\/4"}],"replies":[{"embeddable":true,"href":"https:\/\/eldiariodesanpedro.com.ar\/sitio\/wp-json\/wp\/v2\/comments?post=38502"}],"version-history":[{"count":1,"href":"https:\/\/eldiariodesanpedro.com.ar\/sitio\/wp-json\/wp\/v2\/posts\/38502\/revisions"}],"predecessor-version":[{"id":38503,"href":"https:\/\/eldiariodesanpedro.com.ar\/sitio\/wp-json\/wp\/v2\/posts\/38502\/revisions\/38503"}],"wp:featuredmedia":[{"embeddable":true,"href":"https:\/\/eldiariodesanpedro.com.ar\/sitio\/wp-json\/wp\/v2\/media\/24562"}],"wp:attachment":[{"href":"https:\/\/eldiariodesanpedro.com.ar\/sitio\/wp-json\/wp\/v2\/media?parent=38502"}],"wp:term":[{"taxonomy":"category","embeddable":true,"href":"https:\/\/eldiariodesanpedro.com.ar\/sitio\/wp-json\/wp\/v2\/categories?post=38502"},{"taxonomy":"post_tag","embeddable":true,"href":"https:\/\/eldiariodesanpedro.com.ar\/sitio\/wp-json\/wp\/v2\/tags?post=38502"}],"curies":[{"name":"wp","href":"https:\/\/api.w.org\/{rel}","templated":true}]}}