{"id":38500,"date":"2018-08-16T09:18:39","date_gmt":"2018-08-16T12:18:39","guid":{"rendered":"https:\/\/eldiariodesanpedro.com.ar\/sitio\/?p=38500"},"modified":"2018-08-16T09:18:39","modified_gmt":"2018-08-16T12:18:39","slug":"un-menor-fue-baleado-por-un-grupo-de-jovenes","status":"publish","type":"post","link":"https:\/\/eldiariodesanpedro.com.ar\/sitio\/un-menor-fue-baleado-por-un-grupo-de-jovenes\/","title":{"rendered":"Un menor fue baleado por un grupo de jovenes"},"content":{"rendered":"<p><!-- VideographyWP Plugin Message: Automatic video embedding prevented by plugin options. --><br \/>\nEn la tarde noche de este mi\u00e9rcoles, un menor de 16 a\u00f1os de edad, que se dirig\u00eda caminando hacia unn negocio, fue sorprendentemente baleado por otros dos j\u00f3venes que se le acercaron tambi\u00e9n caminando.<\/p>\n<p>El hecho ocurri\u00f3 en intersecci\u00f3n de las calles Hermano Indio y Guemes quienes los agresores le producen disparos con un arma de fuego de tipo tumbera y se dan a la fuga r\u00e1pidamente del lugar, la victima cont\u00f3 tener conflicto de larga data para con ellos.<\/p>\n<p>Como consecuencia el menor no resulto herido y la causa fue derivada a la fiscalia N\u00b011 de la Dr Ramos.<\/p>\n","protected":false},"excerpt":{"rendered":"<p>En la tarde noche de este mi\u00e9rcoles, un menor de 16 a\u00f1os de edad, que se dirig\u00eda caminando hacia unn negocio, fue sorprendentemente baleado por otros dos j\u00f3venes que se le acercaron tambi\u00e9n caminando. El hecho ocurri\u00f3 en intersecci\u00f3n de las calles Hermano Indio y Guemes quienes los agresores le producen disparos con un arma [&hellip;]<\/p>\n","protected":false},"author":4,"featured_media":8212,"comment_status":"open","ping_status":"closed","sticky":false,"template":"","format":"standard","meta":{"om_disable_all_campaigns":false,"_jetpack_memberships_contains_paid_content":false,"footnotes":""},"categories":[2,103],"tags":[],"class_list":["post-38500","post","type-post","status-publish","format-standard","has-post-thumbnail","hentry","category-locales","category-policiales-locales"],"aioseo_notices":[],"gutentor_comment":0,"jetpack_featured_media_url":"https:\/\/eldiariodesanpedro.com.ar\/sitio\/wp-content\/uploads\/2016\/09\/arma-de-fuego.jpg","jetpack_shortlink":"https:\/\/wp.me\/p6RhLt-a0Y","jetpack_sharing_enabled":true,"_links":{"self":[{"href":"https:\/\/eldiariodesanpedro.com.ar\/sitio\/wp-json\/wp\/v2\/posts\/38500","targetHints":{"allow":["GET"]}}],"collection":[{"href":"https:\/\/eldiariodesanpedro.com.ar\/sitio\/wp-json\/wp\/v2\/posts"}],"about":[{"href":"https:\/\/eldiariodesanpedro.com.ar\/sitio\/wp-json\/wp\/v2\/types\/post"}],"author":[{"embeddable":true,"href":"https:\/\/eldiariodesanpedro.com.ar\/sitio\/wp-json\/wp\/v2\/users\/4"}],"replies":[{"embeddable":true,"href":"https:\/\/eldiariodesanpedro.com.ar\/sitio\/wp-json\/wp\/v2\/comments?post=38500"}],"version-history":[{"count":1,"href":"https:\/\/eldiariodesanpedro.com.ar\/sitio\/wp-json\/wp\/v2\/posts\/38500\/revisions"}],"predecessor-version":[{"id":38501,"href":"https:\/\/eldiariodesanpedro.com.ar\/sitio\/wp-json\/wp\/v2\/posts\/38500\/revisions\/38501"}],"wp:featuredmedia":[{"embeddable":true,"href":"https:\/\/eldiariodesanpedro.com.ar\/sitio\/wp-json\/wp\/v2\/media\/8212"}],"wp:attachment":[{"href":"https:\/\/eldiariodesanpedro.com.ar\/sitio\/wp-json\/wp\/v2\/media?parent=38500"}],"wp:term":[{"taxonomy":"category","embeddable":true,"href":"https:\/\/eldiariodesanpedro.com.ar\/sitio\/wp-json\/wp\/v2\/categories?post=38500"},{"taxonomy":"post_tag","embeddable":true,"href":"https:\/\/eldiariodesanpedro.com.ar\/sitio\/wp-json\/wp\/v2\/tags?post=38500"}],"curies":[{"name":"wp","href":"https:\/\/api.w.org\/{rel}","templated":true}]}}