{"id":38492,"date":"2018-08-16T08:46:18","date_gmt":"2018-08-16T11:46:18","guid":{"rendered":"https:\/\/eldiariodesanpedro.com.ar\/sitio\/?p=38492"},"modified":"2018-08-16T08:46:18","modified_gmt":"2018-08-16T11:46:18","slug":"dos-menores-aprehendidos-por-robar-una-motocicleta","status":"publish","type":"post","link":"https:\/\/eldiariodesanpedro.com.ar\/sitio\/dos-menores-aprehendidos-por-robar-una-motocicleta\/","title":{"rendered":"Dos menores aprehendidos por robar una motocicleta"},"content":{"rendered":"<p><!-- VideographyWP Plugin Message: Automatic video embedding prevented by plugin options. --><br \/>\nEn la tarde del mi\u00e9rcoles, una joven de 26 a\u00f1os de edad, alerto a los efectivos policiales que le hab\u00edan sustra\u00eddo su motocicleta marca Brava 110 cc de  la vereda de su domicilio sito en calle Uruguay al 900.<\/p>\n<p>Tras r\u00e1pido accionar del personal lograron dar con los delincuentes que resultaron ser menores de edad, un adolescente de 15 a\u00f1os y una de 17; los dos circulaban en el rodado sustra\u00eddo y fueron interceptados en calle Colon y Almafuerte, procediendo a la aprehension y al secuestro de la moto.<\/p>\n<p>Toma intervenci\u00f3n la UFI del joven , quien dispone notificaci\u00f3n de formaci\u00f3n de causa, y  entrega a sus progenitores. <\/p>\n","protected":false},"excerpt":{"rendered":"<p>En la tarde del mi\u00e9rcoles, una joven de 26 a\u00f1os de edad, alerto a los efectivos policiales que le hab\u00edan sustra\u00eddo su motocicleta marca Brava 110 cc de la vereda de su domicilio sito en calle Uruguay al 900. Tras r\u00e1pido accionar del personal lograron dar con los delincuentes que resultaron ser menores de edad, [&hellip;]<\/p>\n","protected":false},"author":4,"featured_media":38493,"comment_status":"open","ping_status":"closed","sticky":false,"template":"","format":"standard","meta":{"om_disable_all_campaigns":false,"_jetpack_memberships_contains_paid_content":false,"footnotes":""},"categories":[2,103],"tags":[],"class_list":["post-38492","post","type-post","status-publish","format-standard","has-post-thumbnail","hentry","category-locales","category-policiales-locales"],"aioseo_notices":[],"gutentor_comment":0,"jetpack_featured_media_url":"https:\/\/eldiariodesanpedro.com.ar\/sitio\/wp-content\/uploads\/2018\/08\/robo-moto.jpg","jetpack_shortlink":"https:\/\/wp.me\/p6RhLt-a0Q","jetpack_sharing_enabled":true,"_links":{"self":[{"href":"https:\/\/eldiariodesanpedro.com.ar\/sitio\/wp-json\/wp\/v2\/posts\/38492","targetHints":{"allow":["GET"]}}],"collection":[{"href":"https:\/\/eldiariodesanpedro.com.ar\/sitio\/wp-json\/wp\/v2\/posts"}],"about":[{"href":"https:\/\/eldiariodesanpedro.com.ar\/sitio\/wp-json\/wp\/v2\/types\/post"}],"author":[{"embeddable":true,"href":"https:\/\/eldiariodesanpedro.com.ar\/sitio\/wp-json\/wp\/v2\/users\/4"}],"replies":[{"embeddable":true,"href":"https:\/\/eldiariodesanpedro.com.ar\/sitio\/wp-json\/wp\/v2\/comments?post=38492"}],"version-history":[{"count":1,"href":"https:\/\/eldiariodesanpedro.com.ar\/sitio\/wp-json\/wp\/v2\/posts\/38492\/revisions"}],"predecessor-version":[{"id":38495,"href":"https:\/\/eldiariodesanpedro.com.ar\/sitio\/wp-json\/wp\/v2\/posts\/38492\/revisions\/38495"}],"wp:featuredmedia":[{"embeddable":true,"href":"https:\/\/eldiariodesanpedro.com.ar\/sitio\/wp-json\/wp\/v2\/media\/38493"}],"wp:attachment":[{"href":"https:\/\/eldiariodesanpedro.com.ar\/sitio\/wp-json\/wp\/v2\/media?parent=38492"}],"wp:term":[{"taxonomy":"category","embeddable":true,"href":"https:\/\/eldiariodesanpedro.com.ar\/sitio\/wp-json\/wp\/v2\/categories?post=38492"},{"taxonomy":"post_tag","embeddable":true,"href":"https:\/\/eldiariodesanpedro.com.ar\/sitio\/wp-json\/wp\/v2\/tags?post=38492"}],"curies":[{"name":"wp","href":"https:\/\/api.w.org\/{rel}","templated":true}]}}