{"id":38484,"date":"2018-08-15T21:07:51","date_gmt":"2018-08-16T00:07:51","guid":{"rendered":"https:\/\/eldiariodesanpedro.com.ar\/sitio\/?p=38484"},"modified":"2026-01-24T00:11:14","modified_gmt":"2026-01-24T03:11:14","slug":"nacional-sub-15-por-la-lluvia-el-selectivo-juega-hoy","status":"publish","type":"post","link":"https:\/\/eldiariodesanpedro.com.ar\/sitio\/nacional-sub-15-por-la-lluvia-el-selectivo-juega-hoy\/","title":{"rendered":"NACIONAL SUB 15: Por la lluvia el selectivo juega hoy"},"content":{"rendered":"<p><!-- VideographyWP Plugin Message: Automatic video embedding prevented by plugin options. --><br \/>\n  El selectivo Sub 15 de la Liga Deportiva Sampedrina jugar\u00e1 este jueves (en principio era mi\u00e9rcoles) en la cancha de Juventud de Pergamino a las 20:30 horas ante el seleccionado local. Hubo tambi\u00e9n cambio de cancha, de provincial a juventud por la lluvia que cay\u00f3 en esa ciudad entre el martes y mi\u00e9rcoles.<\/p>\n<p>  De esta manera da inicio el Torneo que organiza el Consejo Federal de AFA y coordina en su primera etapa Federaci\u00f3n Norte de F\u00fatbol. El seleccionado de San Pedro comparte zona con Pergamino, Arrecifes y San Antonio de Areco.   <\/p>\n<p><strong>Los partidos de la Zona C<\/strong><br \/>\n1ra fecha: Pergamino vs. San Pedro y Arrecifes vs. SADA<br \/>\n2da fecha: San Pedro vs. Arrecifes y SADA vs. Pergamino<br \/>\n3ra fecha: Arrecifes vs. Pergamino y San Pedro vs. SADA<br \/>\n4ta fecha: San Pedro vs. Pergamino y SADA vs. Arrecifes<br \/>\n5ta fecha: Arrecifes vs. San Pedro y Pergamino vs. SADA<br \/>\n6ta fecha: Pergamino vs. Arrecifes y SADA vs. San Pedro<\/p>\n","protected":false},"excerpt":{"rendered":"<p>El selectivo Sub 15 de la Liga Deportiva Sampedrina jugar\u00e1 este jueves (en principio era mi\u00e9rcoles) en la cancha de Juventud de Pergamino a las 20:30 horas ante el seleccionado local. Hubo tambi\u00e9n cambio de cancha, de provincial a juventud por la lluvia que cay\u00f3 en esa ciudad entre el martes y mi\u00e9rcoles. De esta [&hellip;]<\/p>\n","protected":false},"author":4,"featured_media":21255,"comment_status":"open","ping_status":"closed","sticky":false,"template":"","format":"standard","meta":{"om_disable_all_campaigns":false,"_jetpack_memberships_contains_paid_content":false,"footnotes":""},"categories":[5],"tags":[],"class_list":["post-38484","post","type-post","status-publish","format-standard","has-post-thumbnail","hentry","category-deportes"],"aioseo_notices":[],"gutentor_comment":0,"jetpack_featured_media_url":"https:\/\/eldiariodesanpedro.com.ar\/sitio\/wp-content\/uploads\/2017\/07\/futbol-arco.jpg","jetpack_shortlink":"https:\/\/wp.me\/p6RhLt-a0I","jetpack_sharing_enabled":true,"_links":{"self":[{"href":"https:\/\/eldiariodesanpedro.com.ar\/sitio\/wp-json\/wp\/v2\/posts\/38484","targetHints":{"allow":["GET"]}}],"collection":[{"href":"https:\/\/eldiariodesanpedro.com.ar\/sitio\/wp-json\/wp\/v2\/posts"}],"about":[{"href":"https:\/\/eldiariodesanpedro.com.ar\/sitio\/wp-json\/wp\/v2\/types\/post"}],"author":[{"embeddable":true,"href":"https:\/\/eldiariodesanpedro.com.ar\/sitio\/wp-json\/wp\/v2\/users\/4"}],"replies":[{"embeddable":true,"href":"https:\/\/eldiariodesanpedro.com.ar\/sitio\/wp-json\/wp\/v2\/comments?post=38484"}],"version-history":[{"count":1,"href":"https:\/\/eldiariodesanpedro.com.ar\/sitio\/wp-json\/wp\/v2\/posts\/38484\/revisions"}],"predecessor-version":[{"id":38487,"href":"https:\/\/eldiariodesanpedro.com.ar\/sitio\/wp-json\/wp\/v2\/posts\/38484\/revisions\/38487"}],"wp:featuredmedia":[{"embeddable":true,"href":"https:\/\/eldiariodesanpedro.com.ar\/sitio\/wp-json\/wp\/v2\/media\/21255"}],"wp:attachment":[{"href":"https:\/\/eldiariodesanpedro.com.ar\/sitio\/wp-json\/wp\/v2\/media?parent=38484"}],"wp:term":[{"taxonomy":"category","embeddable":true,"href":"https:\/\/eldiariodesanpedro.com.ar\/sitio\/wp-json\/wp\/v2\/categories?post=38484"},{"taxonomy":"post_tag","embeddable":true,"href":"https:\/\/eldiariodesanpedro.com.ar\/sitio\/wp-json\/wp\/v2\/tags?post=38484"}],"curies":[{"name":"wp","href":"https:\/\/api.w.org\/{rel}","templated":true}]}}