{"id":38483,"date":"2018-08-15T21:05:33","date_gmt":"2018-08-16T00:05:33","guid":{"rendered":"https:\/\/eldiariodesanpedro.com.ar\/sitio\/?p=38483"},"modified":"2026-01-24T00:11:14","modified_gmt":"2026-01-24T03:11:14","slug":"esgrima-mariano-ducau-clasifico-al-sudamericano","status":"publish","type":"post","link":"https:\/\/eldiariodesanpedro.com.ar\/sitio\/esgrima-mariano-ducau-clasifico-al-sudamericano\/","title":{"rendered":"ESGRIMA: Mariano Ducau clasific\u00f3 al Sudamericano"},"content":{"rendered":"<p><!-- VideographyWP Plugin Message: Automatic video embedding prevented by plugin options. --><br \/>\nEn el Centro Nacional de Alto Rendimiento Deportivo (CENARD) se llev\u00f3 a cabo el Campeonato Nacional de Esgrima, actuaci\u00f3n de Mariano Ducau.<\/p>\n<p>  Mariano intervino en la categor\u00eda \u2018precadetes\u2019 logrando el 3\u00b0 puesto y de esa manera accede a representar al equipo nacional en el Sudamericano de la categor\u00eda a desarrollarse en San Pablo, Brasil, desde el 3 al 9 septiembre.<\/p>\n","protected":false},"excerpt":{"rendered":"<p>En el Centro Nacional de Alto Rendimiento Deportivo (CENARD) se llev\u00f3 a cabo el Campeonato Nacional de Esgrima, actuaci\u00f3n de Mariano Ducau. Mariano intervino en la categor\u00eda \u2018precadetes\u2019 logrando el 3\u00b0 puesto y de esa manera accede a representar al equipo nacional en el Sudamericano de la categor\u00eda a desarrollarse en San Pablo, Brasil, desde [&hellip;]<\/p>\n","protected":false},"author":4,"featured_media":38485,"comment_status":"open","ping_status":"closed","sticky":false,"template":"","format":"standard","meta":{"om_disable_all_campaigns":false,"_jetpack_memberships_contains_paid_content":false,"footnotes":""},"categories":[5],"tags":[],"class_list":["post-38483","post","type-post","status-publish","format-standard","has-post-thumbnail","hentry","category-deportes"],"aioseo_notices":[],"gutentor_comment":0,"jetpack_featured_media_url":"https:\/\/eldiariodesanpedro.com.ar\/sitio\/wp-content\/uploads\/2018\/08\/Mariano-Ducau-.jpg","jetpack_shortlink":"https:\/\/wp.me\/p6RhLt-a0H","jetpack_sharing_enabled":true,"_links":{"self":[{"href":"https:\/\/eldiariodesanpedro.com.ar\/sitio\/wp-json\/wp\/v2\/posts\/38483","targetHints":{"allow":["GET"]}}],"collection":[{"href":"https:\/\/eldiariodesanpedro.com.ar\/sitio\/wp-json\/wp\/v2\/posts"}],"about":[{"href":"https:\/\/eldiariodesanpedro.com.ar\/sitio\/wp-json\/wp\/v2\/types\/post"}],"author":[{"embeddable":true,"href":"https:\/\/eldiariodesanpedro.com.ar\/sitio\/wp-json\/wp\/v2\/users\/4"}],"replies":[{"embeddable":true,"href":"https:\/\/eldiariodesanpedro.com.ar\/sitio\/wp-json\/wp\/v2\/comments?post=38483"}],"version-history":[{"count":1,"href":"https:\/\/eldiariodesanpedro.com.ar\/sitio\/wp-json\/wp\/v2\/posts\/38483\/revisions"}],"predecessor-version":[{"id":38486,"href":"https:\/\/eldiariodesanpedro.com.ar\/sitio\/wp-json\/wp\/v2\/posts\/38483\/revisions\/38486"}],"wp:featuredmedia":[{"embeddable":true,"href":"https:\/\/eldiariodesanpedro.com.ar\/sitio\/wp-json\/wp\/v2\/media\/38485"}],"wp:attachment":[{"href":"https:\/\/eldiariodesanpedro.com.ar\/sitio\/wp-json\/wp\/v2\/media?parent=38483"}],"wp:term":[{"taxonomy":"category","embeddable":true,"href":"https:\/\/eldiariodesanpedro.com.ar\/sitio\/wp-json\/wp\/v2\/categories?post=38483"},{"taxonomy":"post_tag","embeddable":true,"href":"https:\/\/eldiariodesanpedro.com.ar\/sitio\/wp-json\/wp\/v2\/tags?post=38483"}],"curies":[{"name":"wp","href":"https:\/\/api.w.org\/{rel}","templated":true}]}}