{"id":38475,"date":"2018-08-15T20:51:21","date_gmt":"2018-08-15T23:51:21","guid":{"rendered":"https:\/\/eldiariodesanpedro.com.ar\/sitio\/?p=38475"},"modified":"2026-01-24T00:11:14","modified_gmt":"2026-01-24T03:11:14","slug":"optimist-gran-prix-del-litoral","status":"publish","type":"post","link":"https:\/\/eldiariodesanpedro.com.ar\/sitio\/optimist-gran-prix-del-litoral\/","title":{"rendered":"OPTIMIST: Gran Prix del litoral"},"content":{"rendered":"<p><!-- VideographyWP Plugin Message: Automatic video embedding prevented by plugin options. --><br \/>\n  La flota del Club N\u00e1utico particip\u00f3 este fin de semana de una nueva fecha del Grand Prix del Litoral organizada por el Club N\u00e1utico Paran\u00e1 en la Provincia de Entre R\u00edos. <\/p>\n<p>  En la clasificaci\u00f3n general se destacaron el segundo puesto de Iv\u00e1n Luppi en Laser Radial y el primer puesto de Pedro Hecker en Laser Standartd. <\/p>\n<p>  En Optimist la clasificaci\u00f3n general que lista a Timoneles, Principiantes y Pre Principiantes fue la siguiente: 6\u00ba Delfina Kuttel, 7\u00ba Francina Paz, 14\u00ba Lucio Fenouil, 21\u00ba Marco Limardo, 23\u00ba Francisco G\u00f3mez, 24\u00ba Nahuel Malacalza, 36\u00ba Lucas Hidalgo, 39\u00ba Bartolom\u00e9 Ch\u00e1 Vacari, 48\u00ba Milena Muscia. Completaron la clasificaci\u00f3n Iv\u00e1n Hidalgo, Julia Kuttel, Emma Berwett, Juana Ull\u00faa, Catalina G\u00f3mez y Joaqu\u00edn Jauregui Ag\u00fcero. La pr\u00f3xima fecha ser\u00e1 el fin de semana venidero en Santa Fe.<\/p>\n","protected":false},"excerpt":{"rendered":"<p>La flota del Club N\u00e1utico particip\u00f3 este fin de semana de una nueva fecha del Grand Prix del Litoral organizada por el Club N\u00e1utico Paran\u00e1 en la Provincia de Entre R\u00edos. En la clasificaci\u00f3n general se destacaron el segundo puesto de Iv\u00e1n Luppi en Laser Radial y el primer puesto de Pedro Hecker en Laser [&hellip;]<\/p>\n","protected":false},"author":4,"featured_media":38476,"comment_status":"open","ping_status":"closed","sticky":false,"template":"","format":"standard","meta":{"om_disable_all_campaigns":false,"_jetpack_memberships_contains_paid_content":false,"footnotes":""},"categories":[5],"tags":[],"class_list":["post-38475","post","type-post","status-publish","format-standard","has-post-thumbnail","hentry","category-deportes"],"aioseo_notices":[],"gutentor_comment":0,"jetpack_featured_media_url":"https:\/\/eldiariodesanpedro.com.ar\/sitio\/wp-content\/uploads\/2018\/08\/Integrantes-de-la-flota-de-Nautico.jpg","jetpack_shortlink":"https:\/\/wp.me\/p6RhLt-a0z","jetpack_sharing_enabled":true,"_links":{"self":[{"href":"https:\/\/eldiariodesanpedro.com.ar\/sitio\/wp-json\/wp\/v2\/posts\/38475","targetHints":{"allow":["GET"]}}],"collection":[{"href":"https:\/\/eldiariodesanpedro.com.ar\/sitio\/wp-json\/wp\/v2\/posts"}],"about":[{"href":"https:\/\/eldiariodesanpedro.com.ar\/sitio\/wp-json\/wp\/v2\/types\/post"}],"author":[{"embeddable":true,"href":"https:\/\/eldiariodesanpedro.com.ar\/sitio\/wp-json\/wp\/v2\/users\/4"}],"replies":[{"embeddable":true,"href":"https:\/\/eldiariodesanpedro.com.ar\/sitio\/wp-json\/wp\/v2\/comments?post=38475"}],"version-history":[{"count":1,"href":"https:\/\/eldiariodesanpedro.com.ar\/sitio\/wp-json\/wp\/v2\/posts\/38475\/revisions"}],"predecessor-version":[{"id":38477,"href":"https:\/\/eldiariodesanpedro.com.ar\/sitio\/wp-json\/wp\/v2\/posts\/38475\/revisions\/38477"}],"wp:featuredmedia":[{"embeddable":true,"href":"https:\/\/eldiariodesanpedro.com.ar\/sitio\/wp-json\/wp\/v2\/media\/38476"}],"wp:attachment":[{"href":"https:\/\/eldiariodesanpedro.com.ar\/sitio\/wp-json\/wp\/v2\/media?parent=38475"}],"wp:term":[{"taxonomy":"category","embeddable":true,"href":"https:\/\/eldiariodesanpedro.com.ar\/sitio\/wp-json\/wp\/v2\/categories?post=38475"},{"taxonomy":"post_tag","embeddable":true,"href":"https:\/\/eldiariodesanpedro.com.ar\/sitio\/wp-json\/wp\/v2\/tags?post=38475"}],"curies":[{"name":"wp","href":"https:\/\/api.w.org\/{rel}","templated":true}]}}