{"id":38470,"date":"2018-08-15T20:59:33","date_gmt":"2018-08-15T23:59:33","guid":{"rendered":"https:\/\/eldiariodesanpedro.com.ar\/sitio\/?p=38470"},"modified":"2026-01-24T00:11:14","modified_gmt":"2026-01-24T03:11:14","slug":"basquet-nautico-cayo-en-la-final-four-y-culmino-tercero","status":"publish","type":"post","link":"https:\/\/eldiariodesanpedro.com.ar\/sitio\/basquet-nautico-cayo-en-la-final-four-y-culmino-tercero\/","title":{"rendered":"B\u00c1SQUET: N\u00e1utico cay\u00f3 en la Final Four y culmin\u00f3 tercero"},"content":{"rendered":"<p><!-- VideographyWP Plugin Message: Automatic video embedding prevented by plugin options. --><br \/>\n  La Primera divisi\u00f3n del B\u00e1squet N\u00e1utico perdi\u00f3 el tercer partido del final four de la ABZC el domingo por la noche ante Honor y Patria, equipo que finalmente fue campe\u00f3n.<br \/>\n  Los celestes cayeron en un partido pol\u00e9mico 84 a 76 y quedaron terceros en esta serie que se jug\u00f3 durante tres d\u00edas corridos en General Rodr\u00edguez. N\u00e1utico hab\u00eda ganado el primer partido al local, Porte\u00f1o, a quien le quit\u00f3 un invicto de 14 partidos y perdi\u00f3 el segundo y el tercer juego. <\/p>\n","protected":false},"excerpt":{"rendered":"<p>La Primera divisi\u00f3n del B\u00e1squet N\u00e1utico perdi\u00f3 el tercer partido del final four de la ABZC el domingo por la noche ante Honor y Patria, equipo que finalmente fue campe\u00f3n. Los celestes cayeron en un partido pol\u00e9mico 84 a 76 y quedaron terceros en esta serie que se jug\u00f3 durante tres d\u00edas corridos en General [&hellip;]<\/p>\n","protected":false},"author":4,"featured_media":10390,"comment_status":"open","ping_status":"closed","sticky":false,"template":"","format":"standard","meta":{"om_disable_all_campaigns":false,"_jetpack_memberships_contains_paid_content":false,"footnotes":""},"categories":[5],"tags":[],"class_list":["post-38470","post","type-post","status-publish","format-standard","has-post-thumbnail","hentry","category-deportes"],"aioseo_notices":[],"gutentor_comment":0,"jetpack_featured_media_url":"https:\/\/eldiariodesanpedro.com.ar\/sitio\/wp-content\/uploads\/2016\/11\/basquet.jpg","jetpack_shortlink":"https:\/\/wp.me\/p6RhLt-a0u","jetpack_sharing_enabled":true,"_links":{"self":[{"href":"https:\/\/eldiariodesanpedro.com.ar\/sitio\/wp-json\/wp\/v2\/posts\/38470","targetHints":{"allow":["GET"]}}],"collection":[{"href":"https:\/\/eldiariodesanpedro.com.ar\/sitio\/wp-json\/wp\/v2\/posts"}],"about":[{"href":"https:\/\/eldiariodesanpedro.com.ar\/sitio\/wp-json\/wp\/v2\/types\/post"}],"author":[{"embeddable":true,"href":"https:\/\/eldiariodesanpedro.com.ar\/sitio\/wp-json\/wp\/v2\/users\/4"}],"replies":[{"embeddable":true,"href":"https:\/\/eldiariodesanpedro.com.ar\/sitio\/wp-json\/wp\/v2\/comments?post=38470"}],"version-history":[{"count":2,"href":"https:\/\/eldiariodesanpedro.com.ar\/sitio\/wp-json\/wp\/v2\/posts\/38470\/revisions"}],"predecessor-version":[{"id":38481,"href":"https:\/\/eldiariodesanpedro.com.ar\/sitio\/wp-json\/wp\/v2\/posts\/38470\/revisions\/38481"}],"wp:featuredmedia":[{"embeddable":true,"href":"https:\/\/eldiariodesanpedro.com.ar\/sitio\/wp-json\/wp\/v2\/media\/10390"}],"wp:attachment":[{"href":"https:\/\/eldiariodesanpedro.com.ar\/sitio\/wp-json\/wp\/v2\/media?parent=38470"}],"wp:term":[{"taxonomy":"category","embeddable":true,"href":"https:\/\/eldiariodesanpedro.com.ar\/sitio\/wp-json\/wp\/v2\/categories?post=38470"},{"taxonomy":"post_tag","embeddable":true,"href":"https:\/\/eldiariodesanpedro.com.ar\/sitio\/wp-json\/wp\/v2\/tags?post=38470"}],"curies":[{"name":"wp","href":"https:\/\/api.w.org\/{rel}","templated":true}]}}