{"id":38462,"date":"2018-08-15T19:21:27","date_gmt":"2018-08-15T22:21:27","guid":{"rendered":"https:\/\/eldiariodesanpedro.com.ar\/sitio\/?p=38462"},"modified":"2018-08-15T19:26:44","modified_gmt":"2018-08-15T22:26:44","slug":"muy-triste-no-pudo-conseguir-su-trasplante-bipulmonar-fallecio-flor","status":"publish","type":"post","link":"https:\/\/eldiariodesanpedro.com.ar\/sitio\/muy-triste-no-pudo-conseguir-su-trasplante-bipulmonar-fallecio-flor\/","title":{"rendered":"Muy triste!! no pudo conseguir su trasplante bipulmonar, falleci\u00f3 Flor"},"content":{"rendered":"<p><!-- VideographyWP Plugin Message: Automatic video embedding prevented by plugin options. --><br \/>\nLamentable noticia para nuestra ciudad y un golpe muy fuerte para su familia; Flor no llego a que pueda recibir su trasplante bipulmonar, fallecio este miercoles en el Hospital Italiano,\u00a0\u00a0donde permanec\u00eda internada hace un tiempo y hace dos dias su estado de salud habia empeorado, mas que nunca estaba luchando por su vida y todos pidiendo cadena de oracion por ella.<\/p>\n<p>Florencia Sol Asuaga tenia 15 a\u00f1os y estaba luchando\u00a0 desde sus 10 d\u00edas de nacida por una enfermedad\u00a0 llamada Hipertensi\u00f3n Pulmonar Severa, en la actualidad esperaba un trasplante bipulmonar en el Hospital Italiano y  estaba en lista de emergencia nacional para recibir la donaci\u00f3n cuando est\u00e9 disponible un \u00f3rgano compatible.<\/p>\n<p>Una de las caricias que le hacia su hermano esperando su pronta recuperacion!<br \/>\nChristian Asuaga<\/p>\n<p>Hago lo que sea por sacarte una sonrisa. Te amo mi reina, nos vemos muy pronto &#x2665;&#xfe0f; Solchu Asuaga<\/p>\n<p><iframe style=\"border: none; overflow: hidden;\" data-src=\"https:\/\/www.facebook.com\/plugins\/video.php?href=https%3A%2F%2Fwww.facebook.com%2FColoCarp022%2Fvideos%2F10217364445129470%2F&amp;show_text=0&amp;width=380\" width=\"380\" height=\"476\" frameborder=\"0\" scrolling=\"no\" allowfullscreen=\"allowfullscreen\" src=\"data:image\/svg+xml;base64,PHN2ZyB3aWR0aD0iMSIgaGVpZ2h0PSIxIiB4bWxucz0iaHR0cDovL3d3dy53My5vcmcvMjAwMC9zdmciPjwvc3ZnPg==\" class=\"lazyload\" data-load-mode=\"1\"><\/iframe><\/p>\n","protected":false},"excerpt":{"rendered":"<p>Lamentable noticia para nuestra ciudad y un golpe muy fuerte para su familia; Flor no llego a que pueda recibir su trasplante bipulmonar, fallecio este miercoles en el Hospital Italiano,\u00a0\u00a0donde permanec\u00eda internada hace un tiempo y hace dos dias su estado de salud habia empeorado, mas que nunca estaba luchando por su vida y todos [&hellip;]<\/p>\n","protected":false},"author":4,"featured_media":38290,"comment_status":"open","ping_status":"closed","sticky":false,"template":"","format":"standard","meta":{"om_disable_all_campaigns":false,"_jetpack_memberships_contains_paid_content":false,"footnotes":""},"categories":[50,101,2],"tags":[],"class_list":["post-38462","post","type-post","status-publish","format-standard","has-post-thumbnail","hentry","category-destacadas","category-interes-general-locales","category-locales"],"aioseo_notices":[],"gutentor_comment":0,"jetpack_featured_media_url":"https:\/\/eldiariodesanpedro.com.ar\/sitio\/wp-content\/uploads\/2018\/08\/38894704_10217347811753646_4506471414303293440_n.jpg","jetpack_shortlink":"https:\/\/wp.me\/p6RhLt-a0m","jetpack_sharing_enabled":true,"_links":{"self":[{"href":"https:\/\/eldiariodesanpedro.com.ar\/sitio\/wp-json\/wp\/v2\/posts\/38462","targetHints":{"allow":["GET"]}}],"collection":[{"href":"https:\/\/eldiariodesanpedro.com.ar\/sitio\/wp-json\/wp\/v2\/posts"}],"about":[{"href":"https:\/\/eldiariodesanpedro.com.ar\/sitio\/wp-json\/wp\/v2\/types\/post"}],"author":[{"embeddable":true,"href":"https:\/\/eldiariodesanpedro.com.ar\/sitio\/wp-json\/wp\/v2\/users\/4"}],"replies":[{"embeddable":true,"href":"https:\/\/eldiariodesanpedro.com.ar\/sitio\/wp-json\/wp\/v2\/comments?post=38462"}],"version-history":[{"count":3,"href":"https:\/\/eldiariodesanpedro.com.ar\/sitio\/wp-json\/wp\/v2\/posts\/38462\/revisions"}],"predecessor-version":[{"id":38465,"href":"https:\/\/eldiariodesanpedro.com.ar\/sitio\/wp-json\/wp\/v2\/posts\/38462\/revisions\/38465"}],"wp:featuredmedia":[{"embeddable":true,"href":"https:\/\/eldiariodesanpedro.com.ar\/sitio\/wp-json\/wp\/v2\/media\/38290"}],"wp:attachment":[{"href":"https:\/\/eldiariodesanpedro.com.ar\/sitio\/wp-json\/wp\/v2\/media?parent=38462"}],"wp:term":[{"taxonomy":"category","embeddable":true,"href":"https:\/\/eldiariodesanpedro.com.ar\/sitio\/wp-json\/wp\/v2\/categories?post=38462"},{"taxonomy":"post_tag","embeddable":true,"href":"https:\/\/eldiariodesanpedro.com.ar\/sitio\/wp-json\/wp\/v2\/tags?post=38462"}],"curies":[{"name":"wp","href":"https:\/\/api.w.org\/{rel}","templated":true}]}}