{"id":38460,"date":"2018-08-15T20:45:46","date_gmt":"2018-08-15T23:45:46","guid":{"rendered":"https:\/\/eldiariodesanpedro.com.ar\/sitio\/?p=38460"},"modified":"2018-08-15T20:45:46","modified_gmt":"2018-08-15T23:45:46","slug":"baradero-reunion-por-la-seguridad-en-la-vecina-localidad","status":"publish","type":"post","link":"https:\/\/eldiariodesanpedro.com.ar\/sitio\/baradero-reunion-por-la-seguridad-en-la-vecina-localidad\/","title":{"rendered":"BARADERO: Reuni\u00f3n por la seguridad en la vecina localidad"},"content":{"rendered":"<p><!-- VideographyWP Plugin Message: Automatic video embedding prevented by plugin options. --><br \/>\nExpusieron los Jefes de Polic\u00eda Comunal, Patrulla Rural, DDI, Prefectura, Tr\u00e1nsito. Estuvo encabezado el encuentro por la Intendente Fernanda Antonijevic. Adem\u00e1s, participaron los concejales de Cambiemos y el Frente Para La Victoria. Los grandes ausentes fueron los concejales del Frente Renovador Peronista.<\/p>\n<p>  La reuni\u00f3n se llev\u00f3 a cabo el pasado martes por la ma\u00f1ana y cont\u00f3 con la presencia de la Intendente Municipal Fernanda Antonijevic. Adem\u00e1s, participaron concejales de Cambiemos y FPV. No hubo concurrencia de los concejales del Frente Renovador Peronista. El Presidente del Foro de Seguridad dijo que \u201cle llam\u00f3 la atenci\u00f3n la ausencia de los concejales opositores del bloque conduce Peteco Morales\u201d.<br \/>\n  Tras la suspensi\u00f3n de la conferencia de prensa para los medios, se llev\u00f3 a cabo una nueva reuni\u00f3n por la seguridad.<br \/>\n  La misma se desarroll\u00f3 a puertas cerradas en el recinto del Honorable Concejo Deliberante.<br \/>\n  En la ma\u00f1ana del mi\u00e9rcoles por Tu Radio el Presidente del Foro de Seguridad, Jorge Podest\u00e1, dijo que \u201cle llam\u00f3 la atenci\u00f3n la ausencia de los concejales opositores del bloque conduce Peteco Morales\u201d.<br \/>\n  En cuanto a los aspectos de la reuni\u00f3n, Podest\u00e1 dijo que \u201cfue una reuni\u00f3n enriquecedora\u201d.<\/p>\n<p>Fuente: Tu L\u00ednea Directa<\/p>\n","protected":false},"excerpt":{"rendered":"<p>Expusieron los Jefes de Polic\u00eda Comunal, Patrulla Rural, DDI, Prefectura, Tr\u00e1nsito. Estuvo encabezado el encuentro por la Intendente Fernanda Antonijevic. Adem\u00e1s, participaron los concejales de Cambiemos y el Frente Para La Victoria. Los grandes ausentes fueron los concejales del Frente Renovador Peronista. La reuni\u00f3n se llev\u00f3 a cabo el pasado martes por la ma\u00f1ana y [&hellip;]<\/p>\n","protected":false},"author":4,"featured_media":38473,"comment_status":"open","ping_status":"closed","sticky":false,"template":"","format":"standard","meta":{"om_disable_all_campaigns":false,"_jetpack_memberships_contains_paid_content":false,"footnotes":""},"categories":[621],"tags":[],"class_list":["post-38460","post","type-post","status-publish","format-standard","has-post-thumbnail","hentry","category-regionales"],"aioseo_notices":[],"gutentor_comment":0,"jetpack_featured_media_url":"https:\/\/eldiariodesanpedro.com.ar\/sitio\/wp-content\/uploads\/2018\/08\/concejo-deliberante-baradero-reunion-seguridad.jpg","jetpack_shortlink":"https:\/\/wp.me\/p6RhLt-a0k","jetpack_sharing_enabled":true,"_links":{"self":[{"href":"https:\/\/eldiariodesanpedro.com.ar\/sitio\/wp-json\/wp\/v2\/posts\/38460","targetHints":{"allow":["GET"]}}],"collection":[{"href":"https:\/\/eldiariodesanpedro.com.ar\/sitio\/wp-json\/wp\/v2\/posts"}],"about":[{"href":"https:\/\/eldiariodesanpedro.com.ar\/sitio\/wp-json\/wp\/v2\/types\/post"}],"author":[{"embeddable":true,"href":"https:\/\/eldiariodesanpedro.com.ar\/sitio\/wp-json\/wp\/v2\/users\/4"}],"replies":[{"embeddable":true,"href":"https:\/\/eldiariodesanpedro.com.ar\/sitio\/wp-json\/wp\/v2\/comments?post=38460"}],"version-history":[{"count":1,"href":"https:\/\/eldiariodesanpedro.com.ar\/sitio\/wp-json\/wp\/v2\/posts\/38460\/revisions"}],"predecessor-version":[{"id":38474,"href":"https:\/\/eldiariodesanpedro.com.ar\/sitio\/wp-json\/wp\/v2\/posts\/38460\/revisions\/38474"}],"wp:featuredmedia":[{"embeddable":true,"href":"https:\/\/eldiariodesanpedro.com.ar\/sitio\/wp-json\/wp\/v2\/media\/38473"}],"wp:attachment":[{"href":"https:\/\/eldiariodesanpedro.com.ar\/sitio\/wp-json\/wp\/v2\/media?parent=38460"}],"wp:term":[{"taxonomy":"category","embeddable":true,"href":"https:\/\/eldiariodesanpedro.com.ar\/sitio\/wp-json\/wp\/v2\/categories?post=38460"},{"taxonomy":"post_tag","embeddable":true,"href":"https:\/\/eldiariodesanpedro.com.ar\/sitio\/wp-json\/wp\/v2\/tags?post=38460"}],"curies":[{"name":"wp","href":"https:\/\/api.w.org\/{rel}","templated":true}]}}