{"id":38457,"date":"2018-08-15T11:48:55","date_gmt":"2018-08-15T14:48:55","guid":{"rendered":"https:\/\/eldiariodesanpedro.com.ar\/sitio\/?p=38457"},"modified":"2018-08-15T11:48:55","modified_gmt":"2018-08-15T14:48:55","slug":"buque-carga-maiz-y-soja-en-el-puerto-de-san-pedro","status":"publish","type":"post","link":"https:\/\/eldiariodesanpedro.com.ar\/sitio\/buque-carga-maiz-y-soja-en-el-puerto-de-san-pedro\/","title":{"rendered":"Buque carga ma\u00edz y soja en el Puerto de San Pedro"},"content":{"rendered":"<p><!-- VideographyWP Plugin Message: Automatic video embedding prevented by plugin options. --><br \/>\nDesde el Consorcio de Gesti\u00f3n del Puerto San Pedro se comunic\u00f3 el arribo en el d\u00eda de hoy, de un buque denominado \u201cTampa Bay\u201d de bandera Hong Kong.<br \/>\nEl barco de 170.7 metros de eslora, procede de Brasil y operar\u00e1 en el muelle elevador, en donde cargar\u00e1 23000 toneladas aproximadamente de Ma\u00edz y Soja con destino a Estados Unidos.<\/p>\n","protected":false},"excerpt":{"rendered":"<p>Desde el Consorcio de Gesti\u00f3n del Puerto San Pedro se comunic\u00f3 el arribo en el d\u00eda de hoy, de un buque denominado \u201cTampa Bay\u201d de bandera Hong Kong. El barco de 170.7 metros de eslora, procede de Brasil y operar\u00e1 en el muelle elevador, en donde cargar\u00e1 23000 toneladas aproximadamente de Ma\u00edz y Soja con [&hellip;]<\/p>\n","protected":false},"author":4,"featured_media":38458,"comment_status":"open","ping_status":"closed","sticky":false,"template":"","format":"standard","meta":{"om_disable_all_campaigns":false,"_jetpack_memberships_contains_paid_content":false,"footnotes":""},"categories":[101,2],"tags":[],"class_list":["post-38457","post","type-post","status-publish","format-standard","has-post-thumbnail","hentry","category-interes-general-locales","category-locales"],"aioseo_notices":[],"gutentor_comment":0,"jetpack_featured_media_url":"https:\/\/eldiariodesanpedro.com.ar\/sitio\/wp-content\/uploads\/2018\/08\/TAMPA_BAY.jpg","jetpack_shortlink":"https:\/\/wp.me\/p6RhLt-a0h","jetpack_sharing_enabled":true,"_links":{"self":[{"href":"https:\/\/eldiariodesanpedro.com.ar\/sitio\/wp-json\/wp\/v2\/posts\/38457","targetHints":{"allow":["GET"]}}],"collection":[{"href":"https:\/\/eldiariodesanpedro.com.ar\/sitio\/wp-json\/wp\/v2\/posts"}],"about":[{"href":"https:\/\/eldiariodesanpedro.com.ar\/sitio\/wp-json\/wp\/v2\/types\/post"}],"author":[{"embeddable":true,"href":"https:\/\/eldiariodesanpedro.com.ar\/sitio\/wp-json\/wp\/v2\/users\/4"}],"replies":[{"embeddable":true,"href":"https:\/\/eldiariodesanpedro.com.ar\/sitio\/wp-json\/wp\/v2\/comments?post=38457"}],"version-history":[{"count":1,"href":"https:\/\/eldiariodesanpedro.com.ar\/sitio\/wp-json\/wp\/v2\/posts\/38457\/revisions"}],"predecessor-version":[{"id":38459,"href":"https:\/\/eldiariodesanpedro.com.ar\/sitio\/wp-json\/wp\/v2\/posts\/38457\/revisions\/38459"}],"wp:featuredmedia":[{"embeddable":true,"href":"https:\/\/eldiariodesanpedro.com.ar\/sitio\/wp-json\/wp\/v2\/media\/38458"}],"wp:attachment":[{"href":"https:\/\/eldiariodesanpedro.com.ar\/sitio\/wp-json\/wp\/v2\/media?parent=38457"}],"wp:term":[{"taxonomy":"category","embeddable":true,"href":"https:\/\/eldiariodesanpedro.com.ar\/sitio\/wp-json\/wp\/v2\/categories?post=38457"},{"taxonomy":"post_tag","embeddable":true,"href":"https:\/\/eldiariodesanpedro.com.ar\/sitio\/wp-json\/wp\/v2\/tags?post=38457"}],"curies":[{"name":"wp","href":"https:\/\/api.w.org\/{rel}","templated":true}]}}