{"id":38451,"date":"2018-08-15T11:38:24","date_gmt":"2018-08-15T14:38:24","guid":{"rendered":"https:\/\/eldiariodesanpedro.com.ar\/sitio\/?p=38451"},"modified":"2018-08-15T11:38:24","modified_gmt":"2018-08-15T14:38:24","slug":"campana-vecinos-indignados-incendian-la-casa-de-un-presunto-abusador","status":"publish","type":"post","link":"https:\/\/eldiariodesanpedro.com.ar\/sitio\/campana-vecinos-indignados-incendian-la-casa-de-un-presunto-abusador\/","title":{"rendered":"CAMPANA: Vecinos indignados incendian la casa de un presunto abusador"},"content":{"rendered":"<p><!-- VideographyWP Plugin Message: Automatic video embedding prevented by plugin options. --><br \/>\nOcurri\u00f3 en el barrio La Josefa. La polic\u00eda desaloj\u00f3 al sospechoso del lugar, y los habitantes del barrio prendieron fuego la casilla donde viv\u00eda. Tres dotaciones de Bomberos extinguieron el siniestro de magnitud.<\/p>\n<p>Una tarde de furia tuvo como protagonistas a vecinos del barrio La Josefa, quienes incendiaron intencionalmente una humilde vivienda en la esquina de las calles Sauton y Saballos. <\/p>\n<p>Todo comenz\u00f3 cerca de las 19 horas. All\u00ed, la polic\u00eda cumpliment\u00f3 un procedimiento de exclusi\u00f3n del hogar de un individuo de apellido Franco, tras una denuncia radicada en la Comisar\u00eda de la Mujer, detallaron fuentes del caso.<\/p>\n<p>Mientras un m\u00f3vil del CP trasladaba al sospechoso, r\u00e1pidamente comenz\u00f3 a circular la versi\u00f3n que daba cuenta de un presunto caso de abuso sexual sobre una menor de 10 a\u00f1os. Esto gener\u00f3 la indignaci\u00f3n de los vecinos, quienes se autoconvocaron frente al domicilio en cuesti\u00f3n.<\/p>\n<p>Entonces, prendieron fuego el lugar. Debido a la precariedad de los materiales, el fuego cobr\u00f3 intensidad r\u00e1pidamente. Fue cuando arribaron los m\u00f3viles 41, 43 y 48 de bomberos, a cargo del Segundo Jefe Roberto Miranda, y luego de un intenso trabajo con l\u00edneas de presi\u00f3n, lograron controlar la situaci\u00f3n. Se registraron p\u00e9rdidas totales. <\/p>\n<p>El m\u00f3vil zona 5 del CP se hizo cargo de la escena.<\/p>\n<p>Fuente: Campana Noticias<\/p>\n","protected":false},"excerpt":{"rendered":"<p>Ocurri\u00f3 en el barrio La Josefa. La polic\u00eda desaloj\u00f3 al sospechoso del lugar, y los habitantes del barrio prendieron fuego la casilla donde viv\u00eda. Tres dotaciones de Bomberos extinguieron el siniestro de magnitud. Una tarde de furia tuvo como protagonistas a vecinos del barrio La Josefa, quienes incendiaron intencionalmente una humilde vivienda en la esquina [&hellip;]<\/p>\n","protected":false},"author":4,"featured_media":38452,"comment_status":"open","ping_status":"closed","sticky":false,"template":"","format":"standard","meta":{"om_disable_all_campaigns":false,"_jetpack_memberships_contains_paid_content":false,"footnotes":""},"categories":[621],"tags":[],"class_list":["post-38451","post","type-post","status-publish","format-standard","has-post-thumbnail","hentry","category-regionales"],"aioseo_notices":[],"gutentor_comment":0,"jetpack_featured_media_url":"https:\/\/eldiariodesanpedro.com.ar\/sitio\/wp-content\/uploads\/2018\/08\/20180815083648.jpg","jetpack_shortlink":"https:\/\/wp.me\/p6RhLt-a0b","jetpack_sharing_enabled":true,"_links":{"self":[{"href":"https:\/\/eldiariodesanpedro.com.ar\/sitio\/wp-json\/wp\/v2\/posts\/38451","targetHints":{"allow":["GET"]}}],"collection":[{"href":"https:\/\/eldiariodesanpedro.com.ar\/sitio\/wp-json\/wp\/v2\/posts"}],"about":[{"href":"https:\/\/eldiariodesanpedro.com.ar\/sitio\/wp-json\/wp\/v2\/types\/post"}],"author":[{"embeddable":true,"href":"https:\/\/eldiariodesanpedro.com.ar\/sitio\/wp-json\/wp\/v2\/users\/4"}],"replies":[{"embeddable":true,"href":"https:\/\/eldiariodesanpedro.com.ar\/sitio\/wp-json\/wp\/v2\/comments?post=38451"}],"version-history":[{"count":1,"href":"https:\/\/eldiariodesanpedro.com.ar\/sitio\/wp-json\/wp\/v2\/posts\/38451\/revisions"}],"predecessor-version":[{"id":38453,"href":"https:\/\/eldiariodesanpedro.com.ar\/sitio\/wp-json\/wp\/v2\/posts\/38451\/revisions\/38453"}],"wp:featuredmedia":[{"embeddable":true,"href":"https:\/\/eldiariodesanpedro.com.ar\/sitio\/wp-json\/wp\/v2\/media\/38452"}],"wp:attachment":[{"href":"https:\/\/eldiariodesanpedro.com.ar\/sitio\/wp-json\/wp\/v2\/media?parent=38451"}],"wp:term":[{"taxonomy":"category","embeddable":true,"href":"https:\/\/eldiariodesanpedro.com.ar\/sitio\/wp-json\/wp\/v2\/categories?post=38451"},{"taxonomy":"post_tag","embeddable":true,"href":"https:\/\/eldiariodesanpedro.com.ar\/sitio\/wp-json\/wp\/v2\/tags?post=38451"}],"curies":[{"name":"wp","href":"https:\/\/api.w.org\/{rel}","templated":true}]}}