{"id":38445,"date":"2018-08-15T09:49:39","date_gmt":"2018-08-15T12:49:39","guid":{"rendered":"https:\/\/eldiariodesanpedro.com.ar\/sitio\/?p=38445"},"modified":"2018-08-15T09:49:39","modified_gmt":"2018-08-15T12:49:39","slug":"75-anos-de-coopser","status":"publish","type":"post","link":"https:\/\/eldiariodesanpedro.com.ar\/sitio\/75-anos-de-coopser\/","title":{"rendered":"75 a\u00f1os de COOPSER"},"content":{"rendered":"<p><!-- VideographyWP Plugin Message: Automatic video embedding prevented by plugin options. --><br \/>\nUn d\u00eda como hoy tuvo lugar la reuni\u00f3n fundacional que le dio origen a nuestra Cooperativa, y desde entonces cientos de sampedrinos han sido protagonistas de un crecimiento que nos encuentra con una larga historia compartida y muchos objetivos por cumplir.   El 15 de Agosto de 1943, en el Sal\u00f3n La Palma naci\u00f3 la \u00abCooperativa de Servicios y Anexos Limitada de San Pedro\u00bb.   El Consejo de Administraci\u00f3n saluda a los socios y delegados, a quienes han sido parte de este camino y a toda la comunidad.   Para acompa\u00f1ar esta fecha tan especial se han programado actividades que ser\u00e1n comunicadas la pr\u00f3xima semana en coincidencia con una nueva edici\u00f3n de las Jornadas Inter laborales de Salud y Seguridad Ocupacional para el personal de todas las \u00e1reas y con otras acciones que se ir\u00e1n implementando hasta fin de a\u00f1o. <\/p>\n<p>Hoy, como todos los d\u00edas, trabajando para brindar el MEJOR SERVICIO<br \/>\nConsejo de Administraci\u00f3n \u2013 COOPSER &#8211; 15 de Agosto de 2018<\/p>\n<p>Rese\u00f1a Hist\u00f3rica<\/p>\n<p>Un 15 de agosto de 1943 comenzaba a gestarse una idea de un grupo de personas con inquietudes comunes. Aqu\u00ed rememoramos algunos momentos m\u00e1s importantes de la historia de nuestra Cooperativa: desde los antecedentes hasta la actual COOPSER. <\/p>\n<p>Hay que llegar hasta el siglo pasado para rememorar los antecedentes de la COOPSER. Es que casi con el inicio del cooperativismo en el pa\u00eds, en 1988, los propietarios de carros y aquellos que ejerc\u00edan el oficio de peones, deciden aprobar el 14 de mayo de 1899 el Reglamento de la Cooperativa Uni\u00f3n de Carreros (ver recuadro: \u2018El primer intento\u2019).<\/p>\n<p>La falta de trabajo era un hecho concreto en ese momento y aquellos hombres, cuando idearon la cooperativa, pensaron en eso y en atender la necesidad de sus familias, aunque tambi\u00e9n estaba previsto crear una sociedad de Socorros Mutuos para atender al socio enfermo. <\/p>\n<p>El Licenciado Am\u00e9rico Piccagli, menciona en la rese\u00f1a hist\u00f3rica de la Cooperativa otros ejemplos cooperativos de esa \u00e9poca: \u201cLa Alianza Agr\u00edcola y La Cooperativa Federal de San Pedro agrupaban a productores de la zona, y esto marca la incidencia que tuvo el movimiento mundial sobre los chacareros de nuestro partido. Aunque, por otro lado, habr\u00eda que nombrar que la Cooperativa Comercial de San Pedro, formada por comerciantes y consumidores, decidi\u00f3 transformarse en La Comercial de San Pedro Sociedad An\u00f3nima ya que a pesar de los beneficios impositivos que ten\u00edan como cooperativa, no pod\u00edan comercializar con personas que no fueran asociadas o accionistas de la instituci\u00f3n\u201d. <\/p>\n<p>En cuanto a antecedentes se refiere, la Cooperativa de Santa Luc\u00eda, formada en 1930, no puede ser dejada de lado, sobre todo porque el impulso cooperativista iba de la mano con el empuje de esta localidad en esa \u00e9poca.<\/p>\n<p>El origen mismo de la que hoy conocemos como COOPSER, se debe a un movimiento de vecinos que pretend\u00eda formar una sociedad cooperativa ante los inconvenientes que ten\u00eda la empresa privada para ofrecer el servicio el\u00e9ctrico. El cine La Palma es la sede, el 15 de agosto de 1943, de una reuni\u00f3n a la que concurren 146 personas para darle forma al nacimiento de la cooperativa. Un a\u00f1o m\u00e1s tarde, el 13 de agosto de 1944, se re\u00fanen nuevamente las mismas personas, para definir la duraci\u00f3n que tendr\u00eda cada cargo.<\/p>\n<p>El antecedente<br \/>\nLa Sociedad Cooperativa Uni\u00f3n de Carreros fue el primer antecedente de cooperativismo en el partido de San Pedro. El art\u00edculo 1 del reglamento dec\u00eda:<br \/>\n\u201cConstit\u00fayese en San Pedro una Sociedad Cooperativa denominada Uni\u00f3n de Carreros, de la que formar\u00e1n parte todos los propietarios de carros y tambi\u00e9n los que ejerzan el oficio de carrero en calidad de peones o interesados, que est\u00e9n conformes con el presente Reglamento\u201d. <\/p>\n<p>El primer Consejo<br \/>\nEl 15 de agosto de 1943, en la Asamblea Extraordinaria celebrada en el cine La Palma, qued\u00f3 formado el primer consejo, y un a\u00f1o m\u00e1s tarde, se decidi\u00f3 la duraci\u00f3n de los cargos, que quedaron formados de la sigueinte manera: <\/p>\n<p>Presidente: Dr. Enrique Frers, por un a\u00f1o.<br \/>\nVicepresidente: Luis Olivieri, por dos a\u00f1os.<br \/>\nSecretario: Carlos Lanusse, por un a\u00f1o.<br \/>\nProsecretario: Francisco Ferrari, por dos a\u00f1os.<br \/>\nTesorero: Juan Noseda, por un a\u00f1o.<br \/>\nProtesorero: V\u00edctor Solmi, por dos a\u00f1os.<br \/>\nVocales Titulares: Juan Rosell\u00f3 por un a\u00f1o, Arturo Raviola por dos a\u00f1os, Jos\u00e9 Mantovani por un a\u00f1o, Gregorio Guti\u00e9rrez por dos a\u00f1os, Antonio Zald\u00faa (h) por dos a\u00f1os y Felipe Begino por un a\u00f1o.<br \/>\nVocales Suplentes: Fernando Blodeorn , Juan Facundo Quiroga, Eduardo Bonacalza, Emilio Esteve y Am\u00e9rico Salviolo.<br \/>\nS\u00edndico Titular: Pl\u00e1cido Mart\u00ednez.<br \/>\nS\u00edndico Suplente: Salvador Trovatto.<\/p>\n","protected":false},"excerpt":{"rendered":"<p>Un d\u00eda como hoy tuvo lugar la reuni\u00f3n fundacional que le dio origen a nuestra Cooperativa, y desde entonces cientos de sampedrinos han sido protagonistas de un crecimiento que nos encuentra con una larga historia compartida y muchos objetivos por cumplir. El 15 de Agosto de 1943, en el Sal\u00f3n La Palma naci\u00f3 la \u00abCooperativa [&hellip;]<\/p>\n","protected":false},"author":4,"featured_media":38446,"comment_status":"open","ping_status":"closed","sticky":false,"template":"","format":"standard","meta":{"om_disable_all_campaigns":false,"_jetpack_memberships_contains_paid_content":false,"footnotes":""},"categories":[101,2],"tags":[],"class_list":["post-38445","post","type-post","status-publish","format-standard","has-post-thumbnail","hentry","category-interes-general-locales","category-locales"],"aioseo_notices":[],"gutentor_comment":0,"jetpack_featured_media_url":"https:\/\/eldiariodesanpedro.com.ar\/sitio\/wp-content\/uploads\/2018\/08\/coopser-75.jpg","jetpack_shortlink":"https:\/\/wp.me\/p6RhLt-a05","jetpack_sharing_enabled":true,"_links":{"self":[{"href":"https:\/\/eldiariodesanpedro.com.ar\/sitio\/wp-json\/wp\/v2\/posts\/38445","targetHints":{"allow":["GET"]}}],"collection":[{"href":"https:\/\/eldiariodesanpedro.com.ar\/sitio\/wp-json\/wp\/v2\/posts"}],"about":[{"href":"https:\/\/eldiariodesanpedro.com.ar\/sitio\/wp-json\/wp\/v2\/types\/post"}],"author":[{"embeddable":true,"href":"https:\/\/eldiariodesanpedro.com.ar\/sitio\/wp-json\/wp\/v2\/users\/4"}],"replies":[{"embeddable":true,"href":"https:\/\/eldiariodesanpedro.com.ar\/sitio\/wp-json\/wp\/v2\/comments?post=38445"}],"version-history":[{"count":1,"href":"https:\/\/eldiariodesanpedro.com.ar\/sitio\/wp-json\/wp\/v2\/posts\/38445\/revisions"}],"predecessor-version":[{"id":38447,"href":"https:\/\/eldiariodesanpedro.com.ar\/sitio\/wp-json\/wp\/v2\/posts\/38445\/revisions\/38447"}],"wp:featuredmedia":[{"embeddable":true,"href":"https:\/\/eldiariodesanpedro.com.ar\/sitio\/wp-json\/wp\/v2\/media\/38446"}],"wp:attachment":[{"href":"https:\/\/eldiariodesanpedro.com.ar\/sitio\/wp-json\/wp\/v2\/media?parent=38445"}],"wp:term":[{"taxonomy":"category","embeddable":true,"href":"https:\/\/eldiariodesanpedro.com.ar\/sitio\/wp-json\/wp\/v2\/categories?post=38445"},{"taxonomy":"post_tag","embeddable":true,"href":"https:\/\/eldiariodesanpedro.com.ar\/sitio\/wp-json\/wp\/v2\/tags?post=38445"}],"curies":[{"name":"wp","href":"https:\/\/api.w.org\/{rel}","templated":true}]}}