{"id":38440,"date":"2018-08-15T09:26:45","date_gmt":"2018-08-15T12:26:45","guid":{"rendered":"https:\/\/eldiariodesanpedro.com.ar\/sitio\/?p=38440"},"modified":"2018-08-15T09:26:45","modified_gmt":"2018-08-15T12:26:45","slug":"un-grupo-de-jovenes-apedrearon-el-movil-policial-y-uno-de-ellos-fue-aprehendido","status":"publish","type":"post","link":"https:\/\/eldiariodesanpedro.com.ar\/sitio\/un-grupo-de-jovenes-apedrearon-el-movil-policial-y-uno-de-ellos-fue-aprehendido\/","title":{"rendered":"Un grupo de j\u00f3venes apedrearon el m\u00f3vil policial y uno de ellos fue aprehendido"},"content":{"rendered":"<p><!-- VideographyWP Plugin Message: Automatic video embedding prevented by plugin options. --><br \/>\nPersonal policial de la Dependencia Local junto con personal del G.A.D, San Nicol\u00e1s, se encontraban patrullando cuando sorpresivamente un grupo de j\u00f3venes empezaron a agredir a piedrasos  los m\u00f3viles.<\/p>\n<p>El hecho se produjo en la intersecci\u00f3n de las calles Saavedra y Las Provincias, logrando aprehender a uno de ellos, en este caso, menor de 17 a\u00f1os.<\/p>\n<p>Como consecuencia el personal policial no resulto lastimado y tampoco  da\u00f1os en la flota.<\/p>\n<p>Toma intervenci\u00f3n UFI Resp. Penal Juvenil, quien dispone notificaci\u00f3n  y posterior libertad entreg\u00e1ndose a su  progenitor.<\/p>\n","protected":false},"excerpt":{"rendered":"<p>Personal policial de la Dependencia Local junto con personal del G.A.D, San Nicol\u00e1s, se encontraban patrullando cuando sorpresivamente un grupo de j\u00f3venes empezaron a agredir a piedrasos los m\u00f3viles. El hecho se produjo en la intersecci\u00f3n de las calles Saavedra y Las Provincias, logrando aprehender a uno de ellos, en este caso, menor de 17 [&hellip;]<\/p>\n","protected":false},"author":4,"featured_media":24562,"comment_status":"open","ping_status":"closed","sticky":false,"template":"","format":"standard","meta":{"om_disable_all_campaigns":false,"_jetpack_memberships_contains_paid_content":false,"footnotes":""},"categories":[2,103],"tags":[],"class_list":["post-38440","post","type-post","status-publish","format-standard","has-post-thumbnail","hentry","category-locales","category-policiales-locales"],"aioseo_notices":[],"gutentor_comment":0,"jetpack_featured_media_url":"https:\/\/eldiariodesanpedro.com.ar\/sitio\/wp-content\/uploads\/2017\/10\/policia-patrulla-noche.jpg","jetpack_shortlink":"https:\/\/wp.me\/p6RhLt-a00","jetpack_sharing_enabled":true,"_links":{"self":[{"href":"https:\/\/eldiariodesanpedro.com.ar\/sitio\/wp-json\/wp\/v2\/posts\/38440","targetHints":{"allow":["GET"]}}],"collection":[{"href":"https:\/\/eldiariodesanpedro.com.ar\/sitio\/wp-json\/wp\/v2\/posts"}],"about":[{"href":"https:\/\/eldiariodesanpedro.com.ar\/sitio\/wp-json\/wp\/v2\/types\/post"}],"author":[{"embeddable":true,"href":"https:\/\/eldiariodesanpedro.com.ar\/sitio\/wp-json\/wp\/v2\/users\/4"}],"replies":[{"embeddable":true,"href":"https:\/\/eldiariodesanpedro.com.ar\/sitio\/wp-json\/wp\/v2\/comments?post=38440"}],"version-history":[{"count":1,"href":"https:\/\/eldiariodesanpedro.com.ar\/sitio\/wp-json\/wp\/v2\/posts\/38440\/revisions"}],"predecessor-version":[{"id":38441,"href":"https:\/\/eldiariodesanpedro.com.ar\/sitio\/wp-json\/wp\/v2\/posts\/38440\/revisions\/38441"}],"wp:featuredmedia":[{"embeddable":true,"href":"https:\/\/eldiariodesanpedro.com.ar\/sitio\/wp-json\/wp\/v2\/media\/24562"}],"wp:attachment":[{"href":"https:\/\/eldiariodesanpedro.com.ar\/sitio\/wp-json\/wp\/v2\/media?parent=38440"}],"wp:term":[{"taxonomy":"category","embeddable":true,"href":"https:\/\/eldiariodesanpedro.com.ar\/sitio\/wp-json\/wp\/v2\/categories?post=38440"},{"taxonomy":"post_tag","embeddable":true,"href":"https:\/\/eldiariodesanpedro.com.ar\/sitio\/wp-json\/wp\/v2\/tags?post=38440"}],"curies":[{"name":"wp","href":"https:\/\/api.w.org\/{rel}","templated":true}]}}