{"id":38433,"date":"2018-08-15T09:06:03","date_gmt":"2018-08-15T12:06:03","guid":{"rendered":"https:\/\/eldiariodesanpedro.com.ar\/sitio\/?p=38433"},"modified":"2018-08-15T09:06:03","modified_gmt":"2018-08-15T12:06:03","slug":"allanamiento-por-tenencia-ilegal-de-arma","status":"publish","type":"post","link":"https:\/\/eldiariodesanpedro.com.ar\/sitio\/allanamiento-por-tenencia-ilegal-de-arma\/","title":{"rendered":"Allanamiento por tenencia ilegal de arma"},"content":{"rendered":"<p><!-- VideographyWP Plugin Message: Automatic video embedding prevented by plugin options. --><br \/>\nEste martes por la tarde se realiz\u00f3 un allanamiento en una vivienda ubicada en  calle Alvear al 1600, donde se logr\u00f3 secuestrar una escopeta calibre 12.<\/p>\n<p>En el lugar se encontraba una joven quien se le dispuso notificaci\u00f3n por el delito de tenencia ilegal de arma de fuego de uso civil dando intervenci\u00f3n la Fiscal\u00eda N\u00ba11.  <\/p>\n","protected":false},"excerpt":{"rendered":"<p>Este martes por la tarde se realiz\u00f3 un allanamiento en una vivienda ubicada en calle Alvear al 1600, donde se logr\u00f3 secuestrar una escopeta calibre 12. En el lugar se encontraba una joven quien se le dispuso notificaci\u00f3n por el delito de tenencia ilegal de arma de fuego de uso civil dando intervenci\u00f3n la Fiscal\u00eda [&hellip;]<\/p>\n","protected":false},"author":4,"featured_media":38439,"comment_status":"open","ping_status":"closed","sticky":false,"template":"","format":"standard","meta":{"om_disable_all_campaigns":false,"_jetpack_memberships_contains_paid_content":false,"footnotes":""},"categories":[2,103],"tags":[],"class_list":["post-38433","post","type-post","status-publish","format-standard","has-post-thumbnail","hentry","category-locales","category-policiales-locales"],"aioseo_notices":[],"gutentor_comment":0,"jetpack_featured_media_url":"https:\/\/eldiariodesanpedro.com.ar\/sitio\/wp-content\/uploads\/2018\/08\/IMG_20180815_090505.jpg","jetpack_shortlink":"https:\/\/wp.me\/p6RhLt-9ZT","jetpack_sharing_enabled":true,"_links":{"self":[{"href":"https:\/\/eldiariodesanpedro.com.ar\/sitio\/wp-json\/wp\/v2\/posts\/38433","targetHints":{"allow":["GET"]}}],"collection":[{"href":"https:\/\/eldiariodesanpedro.com.ar\/sitio\/wp-json\/wp\/v2\/posts"}],"about":[{"href":"https:\/\/eldiariodesanpedro.com.ar\/sitio\/wp-json\/wp\/v2\/types\/post"}],"author":[{"embeddable":true,"href":"https:\/\/eldiariodesanpedro.com.ar\/sitio\/wp-json\/wp\/v2\/users\/4"}],"replies":[{"embeddable":true,"href":"https:\/\/eldiariodesanpedro.com.ar\/sitio\/wp-json\/wp\/v2\/comments?post=38433"}],"version-history":[{"count":1,"href":"https:\/\/eldiariodesanpedro.com.ar\/sitio\/wp-json\/wp\/v2\/posts\/38433\/revisions"}],"predecessor-version":[{"id":38434,"href":"https:\/\/eldiariodesanpedro.com.ar\/sitio\/wp-json\/wp\/v2\/posts\/38433\/revisions\/38434"}],"wp:featuredmedia":[{"embeddable":true,"href":"https:\/\/eldiariodesanpedro.com.ar\/sitio\/wp-json\/wp\/v2\/media\/38439"}],"wp:attachment":[{"href":"https:\/\/eldiariodesanpedro.com.ar\/sitio\/wp-json\/wp\/v2\/media?parent=38433"}],"wp:term":[{"taxonomy":"category","embeddable":true,"href":"https:\/\/eldiariodesanpedro.com.ar\/sitio\/wp-json\/wp\/v2\/categories?post=38433"},{"taxonomy":"post_tag","embeddable":true,"href":"https:\/\/eldiariodesanpedro.com.ar\/sitio\/wp-json\/wp\/v2\/tags?post=38433"}],"curies":[{"name":"wp","href":"https:\/\/api.w.org\/{rel}","templated":true}]}}