{"id":38431,"date":"2018-08-15T08:50:47","date_gmt":"2018-08-15T11:50:47","guid":{"rendered":"https:\/\/eldiariodesanpedro.com.ar\/sitio\/?p=38431"},"modified":"2018-08-15T08:50:47","modified_gmt":"2018-08-15T11:50:47","slug":"un-joven-aprehendido-al-ingresar-a-una-finca","status":"publish","type":"post","link":"https:\/\/eldiariodesanpedro.com.ar\/sitio\/un-joven-aprehendido-al-ingresar-a-una-finca\/","title":{"rendered":"Un joven aprehendido al ingresar a una finca"},"content":{"rendered":"<p><!-- VideographyWP Plugin Message: Automatic video embedding prevented by plugin options. --><br \/>\nEn la tarde noche de este martes, personal policial de Comisar\u00eda Local, procedi\u00f3 a la aprehensi\u00f3n de un joven de  22 a\u00f1os de edad, quien  estaba ocasionando da\u00f1os en el interior de una finca ubicada en calle Sbert al 800.<\/p>\n<p>Al agresor se le secuestr\u00f3 en su poder un machete y un hacha con los cuales hab\u00eda cortado el cerco perimetral para ingresar al lugar.<\/p>\n<p>Dispone notificaci\u00f3n a la Fiscal\u00eda N\u00ba11 y remisi\u00f3n a la sede judicial.  <\/p>\n","protected":false},"excerpt":{"rendered":"<p>En la tarde noche de este martes, personal policial de Comisar\u00eda Local, procedi\u00f3 a la aprehensi\u00f3n de un joven de 22 a\u00f1os de edad, quien estaba ocasionando da\u00f1os en el interior de una finca ubicada en calle Sbert al 800. Al agresor se le secuestr\u00f3 en su poder un machete y un hacha con los [&hellip;]<\/p>\n","protected":false},"author":4,"featured_media":30195,"comment_status":"open","ping_status":"closed","sticky":false,"template":"","format":"standard","meta":{"om_disable_all_campaigns":false,"_jetpack_memberships_contains_paid_content":false,"footnotes":""},"categories":[2,103],"tags":[],"class_list":["post-38431","post","type-post","status-publish","format-standard","has-post-thumbnail","hentry","category-locales","category-policiales-locales"],"aioseo_notices":[],"gutentor_comment":0,"jetpack_featured_media_url":"https:\/\/eldiariodesanpedro.com.ar\/sitio\/wp-content\/uploads\/2018\/03\/Aprehendido-y-ofuscado.jpg","jetpack_shortlink":"https:\/\/wp.me\/p6RhLt-9ZR","jetpack_sharing_enabled":true,"_links":{"self":[{"href":"https:\/\/eldiariodesanpedro.com.ar\/sitio\/wp-json\/wp\/v2\/posts\/38431","targetHints":{"allow":["GET"]}}],"collection":[{"href":"https:\/\/eldiariodesanpedro.com.ar\/sitio\/wp-json\/wp\/v2\/posts"}],"about":[{"href":"https:\/\/eldiariodesanpedro.com.ar\/sitio\/wp-json\/wp\/v2\/types\/post"}],"author":[{"embeddable":true,"href":"https:\/\/eldiariodesanpedro.com.ar\/sitio\/wp-json\/wp\/v2\/users\/4"}],"replies":[{"embeddable":true,"href":"https:\/\/eldiariodesanpedro.com.ar\/sitio\/wp-json\/wp\/v2\/comments?post=38431"}],"version-history":[{"count":1,"href":"https:\/\/eldiariodesanpedro.com.ar\/sitio\/wp-json\/wp\/v2\/posts\/38431\/revisions"}],"predecessor-version":[{"id":38432,"href":"https:\/\/eldiariodesanpedro.com.ar\/sitio\/wp-json\/wp\/v2\/posts\/38431\/revisions\/38432"}],"wp:featuredmedia":[{"embeddable":true,"href":"https:\/\/eldiariodesanpedro.com.ar\/sitio\/wp-json\/wp\/v2\/media\/30195"}],"wp:attachment":[{"href":"https:\/\/eldiariodesanpedro.com.ar\/sitio\/wp-json\/wp\/v2\/media?parent=38431"}],"wp:term":[{"taxonomy":"category","embeddable":true,"href":"https:\/\/eldiariodesanpedro.com.ar\/sitio\/wp-json\/wp\/v2\/categories?post=38431"},{"taxonomy":"post_tag","embeddable":true,"href":"https:\/\/eldiariodesanpedro.com.ar\/sitio\/wp-json\/wp\/v2\/tags?post=38431"}],"curies":[{"name":"wp","href":"https:\/\/api.w.org\/{rel}","templated":true}]}}