{"id":38428,"date":"2018-08-15T08:38:31","date_gmt":"2018-08-15T11:38:31","guid":{"rendered":"https:\/\/eldiariodesanpedro.com.ar\/sitio\/?p=38428"},"modified":"2018-08-15T08:38:31","modified_gmt":"2018-08-15T11:38:31","slug":"un-hombre-murio-a-causa-de-asfixia-por-monoxido-de-carbono","status":"publish","type":"post","link":"https:\/\/eldiariodesanpedro.com.ar\/sitio\/un-hombre-murio-a-causa-de-asfixia-por-monoxido-de-carbono\/","title":{"rendered":"Un hombre muri\u00f3 a causa de asfixia por mon\u00f3xido de carbono"},"content":{"rendered":"<p><!-- VideographyWP Plugin Message: Automatic video embedding prevented by plugin options. --><br \/>\nAyer Ra\u00edz de un  llamado telef\u00f3nico al 911, personal policial acude a un domicilio sito en calle Independencia al 1000, hallando sin vida en el interior del ba\u00f1o de una vivienda a su propietario tendido junto a una estufa de carb\u00f3n.<\/p>\n<p>El ciudadano tenia  66 a\u00f1os de edad y al  realizarle la autopsia, se determin\u00f3 c\u00f3mo causal deseso asfixia por mon\u00f3xido de carbono.<\/p>\n","protected":false},"excerpt":{"rendered":"<p>Ayer Ra\u00edz de un llamado telef\u00f3nico al 911, personal policial acude a un domicilio sito en calle Independencia al 1000, hallando sin vida en el interior del ba\u00f1o de una vivienda a su propietario tendido junto a una estufa de carb\u00f3n. El ciudadano tenia 66 a\u00f1os de edad y al realizarle la autopsia, se determin\u00f3 [&hellip;]<\/p>\n","protected":false},"author":4,"featured_media":26177,"comment_status":"open","ping_status":"closed","sticky":false,"template":"","format":"standard","meta":{"om_disable_all_campaigns":false,"_jetpack_memberships_contains_paid_content":false,"footnotes":""},"categories":[2,103],"tags":[],"class_list":["post-38428","post","type-post","status-publish","format-standard","has-post-thumbnail","hentry","category-locales","category-policiales-locales"],"aioseo_notices":[],"gutentor_comment":0,"jetpack_featured_media_url":"https:\/\/eldiariodesanpedro.com.ar\/sitio\/wp-content\/uploads\/2017\/11\/0000000000000000000_1.jpg","jetpack_shortlink":"https:\/\/wp.me\/p6RhLt-9ZO","jetpack_sharing_enabled":true,"_links":{"self":[{"href":"https:\/\/eldiariodesanpedro.com.ar\/sitio\/wp-json\/wp\/v2\/posts\/38428","targetHints":{"allow":["GET"]}}],"collection":[{"href":"https:\/\/eldiariodesanpedro.com.ar\/sitio\/wp-json\/wp\/v2\/posts"}],"about":[{"href":"https:\/\/eldiariodesanpedro.com.ar\/sitio\/wp-json\/wp\/v2\/types\/post"}],"author":[{"embeddable":true,"href":"https:\/\/eldiariodesanpedro.com.ar\/sitio\/wp-json\/wp\/v2\/users\/4"}],"replies":[{"embeddable":true,"href":"https:\/\/eldiariodesanpedro.com.ar\/sitio\/wp-json\/wp\/v2\/comments?post=38428"}],"version-history":[{"count":1,"href":"https:\/\/eldiariodesanpedro.com.ar\/sitio\/wp-json\/wp\/v2\/posts\/38428\/revisions"}],"predecessor-version":[{"id":38429,"href":"https:\/\/eldiariodesanpedro.com.ar\/sitio\/wp-json\/wp\/v2\/posts\/38428\/revisions\/38429"}],"wp:featuredmedia":[{"embeddable":true,"href":"https:\/\/eldiariodesanpedro.com.ar\/sitio\/wp-json\/wp\/v2\/media\/26177"}],"wp:attachment":[{"href":"https:\/\/eldiariodesanpedro.com.ar\/sitio\/wp-json\/wp\/v2\/media?parent=38428"}],"wp:term":[{"taxonomy":"category","embeddable":true,"href":"https:\/\/eldiariodesanpedro.com.ar\/sitio\/wp-json\/wp\/v2\/categories?post=38428"},{"taxonomy":"post_tag","embeddable":true,"href":"https:\/\/eldiariodesanpedro.com.ar\/sitio\/wp-json\/wp\/v2\/tags?post=38428"}],"curies":[{"name":"wp","href":"https:\/\/api.w.org\/{rel}","templated":true}]}}