{"id":38420,"date":"2018-08-14T20:53:03","date_gmt":"2018-08-14T23:53:03","guid":{"rendered":"https:\/\/eldiariodesanpedro.com.ar\/sitio\/?p=38420"},"modified":"2026-01-24T00:11:15","modified_gmt":"2026-01-24T03:11:15","slug":"torneo-de-selecciones-hoy-debuta-el-sub-15-en-pergamino","status":"publish","type":"post","link":"https:\/\/eldiariodesanpedro.com.ar\/sitio\/torneo-de-selecciones-hoy-debuta-el-sub-15-en-pergamino\/","title":{"rendered":"TORNEO DE SELECCIONES: Hoy debuta el Sub 15 en Pergamino"},"content":{"rendered":"<p><!-- VideographyWP Plugin Message: Automatic video embedding prevented by plugin options. --><br \/>\n  El selectivo Sub 15 de la Liga Deportiva Sampedrina jugar\u00e1 este mi\u00e9rcoles 15 en la cancha de Provincial de Pergamino a las 20:30 horas ante el seleccionado local.<br \/>\n  De esta manera da inicio el Torneo que organiza el Consejo Federal de AFA y coordina en su primera etapa Federaci\u00f3n jorte de F\u00fatbol. El seleccionado de San Pedro comparte zona con Pergamino, Arrecifes y San Antonio de Areco. Baradero debuta en Z\u00e1rate el mismo d\u00eda, a las 20.00 horas en cancha de Belgrano ante el local Z\u00e1rate. <\/p>\n<p><strong>Los partidos de la Zona C<\/strong><br \/>\n1ra fecha: Pergamino vs. San Pedro y Arrecifes vs. SADA<br \/>\n2da fecha: San Pedro vs. Arrecifes y SADA vs. Pergamino<br \/>\n3ra fecha: Arrecifes vs. Pergamino y San Pedro vs. SADA<br \/>\n4ta fecha: San Pedro vs. Pergamino y SADA vs. Arrecifes<br \/>\n5ta fecha: Arrecifes vs. San Pedro y Pergamino vs. SADA<br \/>\n6ta fecha: Pergamino vs. Arrecifes y SADA vs. San Pedro<\/p>\n<p><strong>Lista de buena fe<\/strong><br \/>\n1 ABRAHAN MATIAS ALEXIS<br \/>\n2 ASTORGA ESTEBAN ANDRES<br \/>\n3 AZIMONTI AUGUSTO MANUEL<br \/>\n4 BARRIOS JULIAN<br \/>\n5 BIAIN ANDRES AUGUSTO<br \/>\n6 BUTTI MANUEL<br \/>\n7 CABRERA GERONIMO FEDERICO GASTON<br \/>\n8 CORBALAN BENJAMIN<br \/>\n9 DIAZ BENJAMIN<br \/>\n10 DIAZ DIEGO RAFAEL<br \/>\n11 DI BIASE MARCO NAHUEL<br \/>\n12 FERNANDEZ ALAN GABRIEL<br \/>\n13 GILITO MAXIMO<br \/>\n14 GONZALEZ SANTIAGO AXEL<br \/>\n15 LENCINA FACUNDO ARIEL<br \/>\n16 MOLINA JORDAN LEONEL<br \/>\n17 MOLINA NAHUEL FRANCISCO<br \/>\n18 MONTENEGRO LUIS ALEXIS<br \/>\n19 NEGRETE ARIEL ISIDRO<br \/>\n20 NOVARO GENARO<br \/>\n21 NU\u00d1EZ JOAQUIN EZEQUIEL<br \/>\n22 OLAZAR EZEQUIEL TOMAS<br \/>\n23 PALAVECINO MANUEL ALBERTO<br \/>\n24 PARRA GERONIMO<br \/>\n25 PIQUIONI TOMAS NAHUEL<br \/>\n26 RAMIREZ RODRIGO ARIEL<br \/>\n27 REINOSO RAMIRO<br \/>\n28 SAUCEDO VALENTIN<br \/>\n29 SOTO FACUNDO RAMON<br \/>\n30 TODON IGNACIO<br \/>\n31 VAQUERO JOAQU\u00cdN<br \/>\n32 VULCANO GENARO NAHUEL<br \/>\n33 ZAPATA JUAN IGNACIO<br \/>\n34 ZARATE BENJAMIN ELIAS<\/p>\n<p><strong>Cuerpo t\u00e9cnico<\/strong><br \/>\nDT: BIAIN GERARDO<br \/>\nPF: MILLET MAURO<br \/>\nU: NOUET JUAN<br \/>\nAC: DE LA FUENTE FRANCO<br \/>\nAC: OLIVETO DIEGO<br \/>\nK: PEREZ EDUARDO<\/p>\n","protected":false},"excerpt":{"rendered":"<p>El selectivo Sub 15 de la Liga Deportiva Sampedrina jugar\u00e1 este mi\u00e9rcoles 15 en la cancha de Provincial de Pergamino a las 20:30 horas ante el seleccionado local. De esta manera da inicio el Torneo que organiza el Consejo Federal de AFA y coordina en su primera etapa Federaci\u00f3n jorte de F\u00fatbol. El seleccionado de [&hellip;]<\/p>\n","protected":false},"author":4,"featured_media":35528,"comment_status":"open","ping_status":"closed","sticky":false,"template":"","format":"standard","meta":{"om_disable_all_campaigns":false,"_jetpack_memberships_contains_paid_content":false,"footnotes":""},"categories":[5],"tags":[],"class_list":["post-38420","post","type-post","status-publish","format-standard","has-post-thumbnail","hentry","category-deportes"],"aioseo_notices":[],"gutentor_comment":0,"jetpack_featured_media_url":"https:\/\/eldiariodesanpedro.com.ar\/sitio\/wp-content\/uploads\/2018\/06\/futbol-5.jpg","jetpack_shortlink":"https:\/\/wp.me\/p6RhLt-9ZG","jetpack_sharing_enabled":true,"_links":{"self":[{"href":"https:\/\/eldiariodesanpedro.com.ar\/sitio\/wp-json\/wp\/v2\/posts\/38420","targetHints":{"allow":["GET"]}}],"collection":[{"href":"https:\/\/eldiariodesanpedro.com.ar\/sitio\/wp-json\/wp\/v2\/posts"}],"about":[{"href":"https:\/\/eldiariodesanpedro.com.ar\/sitio\/wp-json\/wp\/v2\/types\/post"}],"author":[{"embeddable":true,"href":"https:\/\/eldiariodesanpedro.com.ar\/sitio\/wp-json\/wp\/v2\/users\/4"}],"replies":[{"embeddable":true,"href":"https:\/\/eldiariodesanpedro.com.ar\/sitio\/wp-json\/wp\/v2\/comments?post=38420"}],"version-history":[{"count":1,"href":"https:\/\/eldiariodesanpedro.com.ar\/sitio\/wp-json\/wp\/v2\/posts\/38420\/revisions"}],"predecessor-version":[{"id":38423,"href":"https:\/\/eldiariodesanpedro.com.ar\/sitio\/wp-json\/wp\/v2\/posts\/38420\/revisions\/38423"}],"wp:featuredmedia":[{"embeddable":true,"href":"https:\/\/eldiariodesanpedro.com.ar\/sitio\/wp-json\/wp\/v2\/media\/35528"}],"wp:attachment":[{"href":"https:\/\/eldiariodesanpedro.com.ar\/sitio\/wp-json\/wp\/v2\/media?parent=38420"}],"wp:term":[{"taxonomy":"category","embeddable":true,"href":"https:\/\/eldiariodesanpedro.com.ar\/sitio\/wp-json\/wp\/v2\/categories?post=38420"},{"taxonomy":"post_tag","embeddable":true,"href":"https:\/\/eldiariodesanpedro.com.ar\/sitio\/wp-json\/wp\/v2\/tags?post=38420"}],"curies":[{"name":"wp","href":"https:\/\/api.w.org\/{rel}","templated":true}]}}