{"id":38416,"date":"2018-08-14T20:45:22","date_gmt":"2018-08-14T23:45:22","guid":{"rendered":"https:\/\/eldiariodesanpedro.com.ar\/sitio\/?p=38416"},"modified":"2018-08-14T20:45:22","modified_gmt":"2018-08-14T23:45:22","slug":"mesa-de-trabajo-regional-de-una-provincia-pensada-en-san-pedro","status":"publish","type":"post","link":"https:\/\/eldiariodesanpedro.com.ar\/sitio\/mesa-de-trabajo-regional-de-una-provincia-pensada-en-san-pedro\/","title":{"rendered":"Mesa de Trabajo Regional de \u00abUna Provincia Pensada\u00bb en San Pedro"},"content":{"rendered":"<p><!-- VideographyWP Plugin Message: Automatic video embedding prevented by plugin options. --><br \/>\nEl mi\u00e9rcoles 15 de agosto a las 10:30 hs se realizar\u00e1 una nueva mesa de trabajo regional de #UnaProvinciaPensada en el Sal\u00f3n Dorado de la Municipalidad de San Pedro, ubicado en Pellegrini 150. All\u00ed se dialogar\u00e1 acerca de \u201cTurismo Sustentable\u201d. <\/p>\n<p> #UnaProvinciaPensada es una iniciativa del Ministerio de Ciencia, Tecnolog\u00eda e Innovaci\u00f3n de la Provincia de Buenos Aires, que dirige el Ing. Jorge Elustondo. Las mesas de trabajo regionales tienen la meta de afianzar el di\u00e1logo entre el Estado provincial, los municipales y el sistema cient\u00edfico bonaerense con el fin de promover pol\u00edticas p\u00fablicas eficientes sobre problem\u00e1ticas detectadas por los actores locales y fundadas en el desarrollo de las investigaciones cient\u00edficas. Por ello, el encuentro contempla la participaci\u00f3n de los municipios de San Pedro, Ramallo, Baradero, Arrecifes, Z\u00e1rate, San Antonio de Areco, Pergamino y San Nicol\u00e1s y representantes del LINTA, Laboratorio de Investigaciones del Territorio y el Ambiente, de la Comisi\u00f3n de Investigaciones Cient\u00edficas (CIC) y de investigadores de la UNSAdA. A trav\u00e9s del trabajo conjunto abordar\u00e1n la necesidad de la planificaci\u00f3n para el desarrollo del turismo sostenible en t\u00e9rminos ambientales, sociales y econ\u00f3micos que preserve y ponga en valor el patrimonio cultural y natural de los municipios bonaerenses.<\/p>\n<p> Es esencial conectar el conocimiento que generan las instituciones cient\u00edficas y universitarias de la Provincia con las agendas territoriales. El di\u00e1logo y la construcci\u00f3n colectiva son el principal camino para lograr #UnaProvinciaPensada.<\/p>\n","protected":false},"excerpt":{"rendered":"<p>El mi\u00e9rcoles 15 de agosto a las 10:30 hs se realizar\u00e1 una nueva mesa de trabajo regional de #UnaProvinciaPensada en el Sal\u00f3n Dorado de la Municipalidad de San Pedro, ubicado en Pellegrini 150. All\u00ed se dialogar\u00e1 acerca de \u201cTurismo Sustentable\u201d. #UnaProvinciaPensada es una iniciativa del Ministerio de Ciencia, Tecnolog\u00eda e Innovaci\u00f3n de la Provincia de [&hellip;]<\/p>\n","protected":false},"author":4,"featured_media":38417,"comment_status":"open","ping_status":"closed","sticky":false,"template":"","format":"standard","meta":{"om_disable_all_campaigns":false,"_jetpack_memberships_contains_paid_content":false,"footnotes":""},"categories":[101,2],"tags":[],"class_list":["post-38416","post","type-post","status-publish","format-standard","has-post-thumbnail","hentry","category-interes-general-locales","category-locales"],"aioseo_notices":[],"gutentor_comment":0,"jetpack_featured_media_url":"https:\/\/eldiariodesanpedro.com.ar\/sitio\/wp-content\/uploads\/2018\/08\/C-vial4.jpg","jetpack_shortlink":"https:\/\/wp.me\/p6RhLt-9ZC","jetpack_sharing_enabled":true,"_links":{"self":[{"href":"https:\/\/eldiariodesanpedro.com.ar\/sitio\/wp-json\/wp\/v2\/posts\/38416","targetHints":{"allow":["GET"]}}],"collection":[{"href":"https:\/\/eldiariodesanpedro.com.ar\/sitio\/wp-json\/wp\/v2\/posts"}],"about":[{"href":"https:\/\/eldiariodesanpedro.com.ar\/sitio\/wp-json\/wp\/v2\/types\/post"}],"author":[{"embeddable":true,"href":"https:\/\/eldiariodesanpedro.com.ar\/sitio\/wp-json\/wp\/v2\/users\/4"}],"replies":[{"embeddable":true,"href":"https:\/\/eldiariodesanpedro.com.ar\/sitio\/wp-json\/wp\/v2\/comments?post=38416"}],"version-history":[{"count":1,"href":"https:\/\/eldiariodesanpedro.com.ar\/sitio\/wp-json\/wp\/v2\/posts\/38416\/revisions"}],"predecessor-version":[{"id":38418,"href":"https:\/\/eldiariodesanpedro.com.ar\/sitio\/wp-json\/wp\/v2\/posts\/38416\/revisions\/38418"}],"wp:featuredmedia":[{"embeddable":true,"href":"https:\/\/eldiariodesanpedro.com.ar\/sitio\/wp-json\/wp\/v2\/media\/38417"}],"wp:attachment":[{"href":"https:\/\/eldiariodesanpedro.com.ar\/sitio\/wp-json\/wp\/v2\/media?parent=38416"}],"wp:term":[{"taxonomy":"category","embeddable":true,"href":"https:\/\/eldiariodesanpedro.com.ar\/sitio\/wp-json\/wp\/v2\/categories?post=38416"},{"taxonomy":"post_tag","embeddable":true,"href":"https:\/\/eldiariodesanpedro.com.ar\/sitio\/wp-json\/wp\/v2\/tags?post=38416"}],"curies":[{"name":"wp","href":"https:\/\/api.w.org\/{rel}","templated":true}]}}