{"id":38413,"date":"2018-08-14T20:38:36","date_gmt":"2018-08-14T23:38:36","guid":{"rendered":"https:\/\/eldiariodesanpedro.com.ar\/sitio\/?p=38413"},"modified":"2018-08-14T20:38:36","modified_gmt":"2018-08-14T23:38:36","slug":"taller-de-rcp-en-la-semana-de-lucha-contra-la-muerte-subita","status":"publish","type":"post","link":"https:\/\/eldiariodesanpedro.com.ar\/sitio\/taller-de-rcp-en-la-semana-de-lucha-contra-la-muerte-subita\/","title":{"rendered":"Taller de RCP en la Semana de Lucha contra la Muerte S\u00fabita"},"content":{"rendered":"<p><!-- VideographyWP Plugin Message: Automatic video embedding prevented by plugin options. --><br \/>\nEl pr\u00f3ximo lunes 20 de agosto a las 17 en el Centro de Comercio e Industria y dentro de la Semana de la Lucha contra la Muerte S\u00fabita, la Municipalidad de San Pedro a trav\u00e9s de la Secretar\u00eda de Salud invita a una actividad que ha sido Declarada de Inter\u00e9s por el Honorable Concejo Deliberante. Se trata de un Taller de RCP, Resucitaci\u00f3n Cardio Pulmonar abierto a la comunidad organizado por la Asociaci\u00f3n Argentina de Anestesia, Analgesia y Reanimaci\u00f3n del Norte de la Provincia de Buenos Aires y la Federaci\u00f3n de Asociaciones Anestesia Analgesia y Reanimaci\u00f3n. <\/p>\n<p>\u00abEn cualquier momento  y en cualquier lugar podes enfrentarte con una situaci\u00f3n en la que est\u00e9 en juego la vida de una persona. Si sabes que hacer podes salvar una vida\u00bb, es uno de las frases que dispara la reflexi\u00f3n sobre la importancia de incorporar estos conocimientos y todos aquellos interesados en hacerlo pueden concurrir de manera libre y gratuita el pr\u00f3ximo lunes (feriado) al Centro de Comercio e Industria de San Pedro.<\/p>\n","protected":false},"excerpt":{"rendered":"<p>El pr\u00f3ximo lunes 20 de agosto a las 17 en el Centro de Comercio e Industria y dentro de la Semana de la Lucha contra la Muerte S\u00fabita, la Municipalidad de San Pedro a trav\u00e9s de la Secretar\u00eda de Salud invita a una actividad que ha sido Declarada de Inter\u00e9s por el Honorable Concejo Deliberante. [&hellip;]<\/p>\n","protected":false},"author":4,"featured_media":38414,"comment_status":"open","ping_status":"closed","sticky":false,"template":"","format":"standard","meta":{"om_disable_all_campaigns":false,"_jetpack_memberships_contains_paid_content":false,"footnotes":""},"categories":[101,2],"tags":[],"class_list":["post-38413","post","type-post","status-publish","format-standard","has-post-thumbnail","hentry","category-interes-general-locales","category-locales"],"aioseo_notices":[],"gutentor_comment":0,"jetpack_featured_media_url":"https:\/\/eldiariodesanpedro.com.ar\/sitio\/wp-content\/uploads\/2018\/08\/pastedImage-1-1.png","jetpack_shortlink":"https:\/\/wp.me\/p6RhLt-9Zz","jetpack_sharing_enabled":true,"_links":{"self":[{"href":"https:\/\/eldiariodesanpedro.com.ar\/sitio\/wp-json\/wp\/v2\/posts\/38413","targetHints":{"allow":["GET"]}}],"collection":[{"href":"https:\/\/eldiariodesanpedro.com.ar\/sitio\/wp-json\/wp\/v2\/posts"}],"about":[{"href":"https:\/\/eldiariodesanpedro.com.ar\/sitio\/wp-json\/wp\/v2\/types\/post"}],"author":[{"embeddable":true,"href":"https:\/\/eldiariodesanpedro.com.ar\/sitio\/wp-json\/wp\/v2\/users\/4"}],"replies":[{"embeddable":true,"href":"https:\/\/eldiariodesanpedro.com.ar\/sitio\/wp-json\/wp\/v2\/comments?post=38413"}],"version-history":[{"count":1,"href":"https:\/\/eldiariodesanpedro.com.ar\/sitio\/wp-json\/wp\/v2\/posts\/38413\/revisions"}],"predecessor-version":[{"id":38415,"href":"https:\/\/eldiariodesanpedro.com.ar\/sitio\/wp-json\/wp\/v2\/posts\/38413\/revisions\/38415"}],"wp:featuredmedia":[{"embeddable":true,"href":"https:\/\/eldiariodesanpedro.com.ar\/sitio\/wp-json\/wp\/v2\/media\/38414"}],"wp:attachment":[{"href":"https:\/\/eldiariodesanpedro.com.ar\/sitio\/wp-json\/wp\/v2\/media?parent=38413"}],"wp:term":[{"taxonomy":"category","embeddable":true,"href":"https:\/\/eldiariodesanpedro.com.ar\/sitio\/wp-json\/wp\/v2\/categories?post=38413"},{"taxonomy":"post_tag","embeddable":true,"href":"https:\/\/eldiariodesanpedro.com.ar\/sitio\/wp-json\/wp\/v2\/tags?post=38413"}],"curies":[{"name":"wp","href":"https:\/\/api.w.org\/{rel}","templated":true}]}}