{"id":38408,"date":"2018-08-14T20:32:21","date_gmt":"2018-08-14T23:32:21","guid":{"rendered":"https:\/\/eldiariodesanpedro.com.ar\/sitio\/?p=38408"},"modified":"2018-08-14T20:32:21","modified_gmt":"2018-08-14T23:32:21","slug":"charla-sobre-limites-en-la-infancia-en-la-escuela-primaria-n-43","status":"publish","type":"post","link":"https:\/\/eldiariodesanpedro.com.ar\/sitio\/charla-sobre-limites-en-la-infancia-en-la-escuela-primaria-n-43\/","title":{"rendered":"Charla sobre l\u00edmites en la infancia en la Escuela Primaria N\u00b0 43"},"content":{"rendered":"<p><!-- VideographyWP Plugin Message: Automatic video embedding prevented by plugin options. --><br \/>\nEn la tarde de hoy  las Licenciadas Cecilia G\u00f3mez y Cintia Oliveto trabajaron en la Escuela Primaria N\u00b0 43 sobre el desarrollo emocional del ni\u00f1o de 4 a\u00f1os hasta la adolescencia. La metodolog\u00eda fue por medio del  dialogando con la familia de los ni\u00f1os. Se destac\u00f3 la tem\u00e1tica sobre la importancia de los l\u00edmites y el aprendizaje que estos generan en el ni\u00f1o para la adecuada sociabilizaci\u00f3n y su crecimiento hacia la adolescencia. Asimismo el tema que predomin\u00f3 son las herramientas que los padres deben aplicar en materia de sostener los l\u00edmites para su adecuado efecto.<\/p>\n","protected":false},"excerpt":{"rendered":"<p>En la tarde de hoy las Licenciadas Cecilia G\u00f3mez y Cintia Oliveto trabajaron en la Escuela Primaria N\u00b0 43 sobre el desarrollo emocional del ni\u00f1o de 4 a\u00f1os hasta la adolescencia. La metodolog\u00eda fue por medio del dialogando con la familia de los ni\u00f1os. Se destac\u00f3 la tem\u00e1tica sobre la importancia de los l\u00edmites y [&hellip;]<\/p>\n","protected":false},"author":4,"featured_media":38410,"comment_status":"open","ping_status":"closed","sticky":false,"template":"","format":"standard","meta":{"om_disable_all_campaigns":false,"_jetpack_memberships_contains_paid_content":false,"footnotes":""},"categories":[101,2],"tags":[],"class_list":["post-38408","post","type-post","status-publish","format-standard","has-post-thumbnail","hentry","category-interes-general-locales","category-locales"],"aioseo_notices":[],"gutentor_comment":0,"jetpack_featured_media_url":"https:\/\/eldiariodesanpedro.com.ar\/sitio\/wp-content\/uploads\/2018\/08\/pastedImage-6.png","jetpack_shortlink":"https:\/\/wp.me\/p6RhLt-9Zu","jetpack_sharing_enabled":true,"_links":{"self":[{"href":"https:\/\/eldiariodesanpedro.com.ar\/sitio\/wp-json\/wp\/v2\/posts\/38408","targetHints":{"allow":["GET"]}}],"collection":[{"href":"https:\/\/eldiariodesanpedro.com.ar\/sitio\/wp-json\/wp\/v2\/posts"}],"about":[{"href":"https:\/\/eldiariodesanpedro.com.ar\/sitio\/wp-json\/wp\/v2\/types\/post"}],"author":[{"embeddable":true,"href":"https:\/\/eldiariodesanpedro.com.ar\/sitio\/wp-json\/wp\/v2\/users\/4"}],"replies":[{"embeddable":true,"href":"https:\/\/eldiariodesanpedro.com.ar\/sitio\/wp-json\/wp\/v2\/comments?post=38408"}],"version-history":[{"count":1,"href":"https:\/\/eldiariodesanpedro.com.ar\/sitio\/wp-json\/wp\/v2\/posts\/38408\/revisions"}],"predecessor-version":[{"id":38411,"href":"https:\/\/eldiariodesanpedro.com.ar\/sitio\/wp-json\/wp\/v2\/posts\/38408\/revisions\/38411"}],"wp:featuredmedia":[{"embeddable":true,"href":"https:\/\/eldiariodesanpedro.com.ar\/sitio\/wp-json\/wp\/v2\/media\/38410"}],"wp:attachment":[{"href":"https:\/\/eldiariodesanpedro.com.ar\/sitio\/wp-json\/wp\/v2\/media?parent=38408"}],"wp:term":[{"taxonomy":"category","embeddable":true,"href":"https:\/\/eldiariodesanpedro.com.ar\/sitio\/wp-json\/wp\/v2\/categories?post=38408"},{"taxonomy":"post_tag","embeddable":true,"href":"https:\/\/eldiariodesanpedro.com.ar\/sitio\/wp-json\/wp\/v2\/tags?post=38408"}],"curies":[{"name":"wp","href":"https:\/\/api.w.org\/{rel}","templated":true}]}}