{"id":38398,"date":"2018-08-14T20:30:48","date_gmt":"2018-08-14T23:30:48","guid":{"rendered":"https:\/\/eldiariodesanpedro.com.ar\/sitio\/?p=38398"},"modified":"2018-08-14T20:30:48","modified_gmt":"2018-08-14T23:30:48","slug":"policia-federal-argentina-allano-la-estacion-de-servicios-petrobras","status":"publish","type":"post","link":"https:\/\/eldiariodesanpedro.com.ar\/sitio\/policia-federal-argentina-allano-la-estacion-de-servicios-petrobras\/","title":{"rendered":"Polic\u00eda Federal Argentina, allano la estaci\u00f3n de servicios PETROBRAS"},"content":{"rendered":"<p><!-- VideographyWP Plugin Message: Automatic video embedding prevented by plugin options. --><br \/>\nLa Polic\u00eda Federal Argentina (San Nicol\u00e1s) allano estaci\u00f3n de servicios Petrobras, ubicada en las intersecciones de la Avenida Crucero Gral. Belgrano y Libertad.<\/p>\n<p>El d\u00eda lunes en horas de la ma\u00f1ana personal de la Delegaci\u00f3n San Nicol\u00e1s de la Polic\u00eda Federal Argentina procedi\u00f3 al allanamiento de la Estaci\u00f3n de Servicios Petrobras ubicada en la intersecci\u00f3n de la avenida Crucero General Belgrano y calle Libertad de la Localidad de San Pedro.<\/p>\n<p>La medida fue ordena por el Juez Federal de San Nicol\u00e1s Dr. Carlos Villafuerte Ruzo a raiz de una investigaci\u00f3n llevada a cabo por la Fiscal\u00eda Federal de San Nicol\u00e1s y que se iniciara el d\u00eda 05 de julio pr\u00f3ximo pasado en oportunidad que personal de la Polic\u00eda Federal Argentina efectuando un control vehicular sobre la Autopista Buenos Aires \u2013 Rosario a la altura del kil\u00f3metro 237, procedi\u00f3 a la detenci\u00f3n un veh\u00edculo utilitario el que transportaba en su parte posterior gran cantidad de combustible, haci\u00e9ndolo en forma irregular en evidente violaci\u00f3n a la normativa vigente adem\u00e1s de constituir un importante riesgo para la seguridad p\u00fablica.<\/p>\n<p>La medida cumplimentada arrojo como resultado el secuestro de importante documentaci\u00f3n de inter\u00e9s para la causa la cual lleva como caratula Infracci\u00f3n Art\u00edculo 189 Bis P\u00e1rrafo 3\u00ba del C\u00f3digo Penal.<\/p>\n<p><img decoding=\"async\" data-attachment-id=\"38404\" data-permalink=\"https:\/\/eldiariodesanpedro.com.ar\/sitio\/policia-federal-argentina-allano-la-estacion-de-servicios-petrobras\/img-20180814-wa0002\/\" data-orig-file=\"https:\/\/eldiariodesanpedro.com.ar\/sitio\/wp-content\/uploads\/2018\/08\/IMG-20180814-WA0002.jpg\" data-orig-size=\"1280,960\" data-comments-opened=\"1\" data-image-meta=\"{&quot;aperture&quot;:&quot;0&quot;,&quot;credit&quot;:&quot;&quot;,&quot;camera&quot;:&quot;&quot;,&quot;caption&quot;:&quot;&quot;,&quot;created_timestamp&quot;:&quot;0&quot;,&quot;copyright&quot;:&quot;&quot;,&quot;focal_length&quot;:&quot;0&quot;,&quot;iso&quot;:&quot;0&quot;,&quot;shutter_speed&quot;:&quot;0&quot;,&quot;title&quot;:&quot;&quot;,&quot;orientation&quot;:&quot;0&quot;}\" data-image-title=\"IMG-20180814-WA0002\" data-image-description=\"\" data-image-caption=\"\" data-large-file=\"https:\/\/eldiariodesanpedro.com.ar\/sitio\/wp-content\/uploads\/2018\/08\/IMG-20180814-WA0002-1024x768.jpg\" class=\"alignnone size-large wp-image-38404 lazyload\" data-src=\"https:\/\/eldiariodesanpedro.com.ar\/sitio\/wp-content\/uploads\/2018\/08\/IMG-20180814-WA0002-1024x768.jpg\" alt=\"\" width=\"660\" height=\"495\" data-srcset=\"https:\/\/eldiariodesanpedro.com.ar\/sitio\/wp-content\/uploads\/2018\/08\/IMG-20180814-WA0002-1024x768.jpg 1024w, https:\/\/eldiariodesanpedro.com.ar\/sitio\/wp-content\/uploads\/2018\/08\/IMG-20180814-WA0002-300x225.jpg 300w, https:\/\/eldiariodesanpedro.com.ar\/sitio\/wp-content\/uploads\/2018\/08\/IMG-20180814-WA0002-768x576.jpg 768w, https:\/\/eldiariodesanpedro.com.ar\/sitio\/wp-content\/uploads\/2018\/08\/IMG-20180814-WA0002.jpg 1280w\" data-sizes=\"(max-width: 660px) 100vw, 660px\" src=\"data:image\/svg+xml;base64,PHN2ZyB3aWR0aD0iMSIgaGVpZ2h0PSIxIiB4bWxucz0iaHR0cDovL3d3dy53My5vcmcvMjAwMC9zdmciPjwvc3ZnPg==\" style=\"--smush-placeholder-width: 660px; --smush-placeholder-aspect-ratio: 660\/495;\" \/><\/p>\n<p><img decoding=\"async\" data-attachment-id=\"38401\" data-permalink=\"https:\/\/eldiariodesanpedro.com.ar\/sitio\/policia-federal-argentina-allano-la-estacion-de-servicios-petrobras\/img-20180814-wa0003\/\" data-orig-file=\"https:\/\/eldiariodesanpedro.com.ar\/sitio\/wp-content\/uploads\/2018\/08\/IMG-20180814-WA0003.jpg\" data-orig-size=\"1280,960\" data-comments-opened=\"1\" data-image-meta=\"{&quot;aperture&quot;:&quot;0&quot;,&quot;credit&quot;:&quot;&quot;,&quot;camera&quot;:&quot;&quot;,&quot;caption&quot;:&quot;&quot;,&quot;created_timestamp&quot;:&quot;0&quot;,&quot;copyright&quot;:&quot;&quot;,&quot;focal_length&quot;:&quot;0&quot;,&quot;iso&quot;:&quot;0&quot;,&quot;shutter_speed&quot;:&quot;0&quot;,&quot;title&quot;:&quot;&quot;,&quot;orientation&quot;:&quot;0&quot;}\" data-image-title=\"IMG-20180814-WA0003\" data-image-description=\"\" data-image-caption=\"\" data-large-file=\"https:\/\/eldiariodesanpedro.com.ar\/sitio\/wp-content\/uploads\/2018\/08\/IMG-20180814-WA0003-1024x768.jpg\" class=\"alignnone size-large wp-image-38401 lazyload\" data-src=\"https:\/\/eldiariodesanpedro.com.ar\/sitio\/wp-content\/uploads\/2018\/08\/IMG-20180814-WA0003-1024x768.jpg\" alt=\"\" width=\"660\" height=\"495\" data-srcset=\"https:\/\/eldiariodesanpedro.com.ar\/sitio\/wp-content\/uploads\/2018\/08\/IMG-20180814-WA0003-1024x768.jpg 1024w, https:\/\/eldiariodesanpedro.com.ar\/sitio\/wp-content\/uploads\/2018\/08\/IMG-20180814-WA0003-300x225.jpg 300w, https:\/\/eldiariodesanpedro.com.ar\/sitio\/wp-content\/uploads\/2018\/08\/IMG-20180814-WA0003-768x576.jpg 768w, https:\/\/eldiariodesanpedro.com.ar\/sitio\/wp-content\/uploads\/2018\/08\/IMG-20180814-WA0003.jpg 1280w\" data-sizes=\"(max-width: 660px) 100vw, 660px\" src=\"data:image\/svg+xml;base64,PHN2ZyB3aWR0aD0iMSIgaGVpZ2h0PSIxIiB4bWxucz0iaHR0cDovL3d3dy53My5vcmcvMjAwMC9zdmciPjwvc3ZnPg==\" style=\"--smush-placeholder-width: 660px; --smush-placeholder-aspect-ratio: 660\/495;\" \/><\/p>\n<p><img decoding=\"async\" data-attachment-id=\"38406\" data-permalink=\"https:\/\/eldiariodesanpedro.com.ar\/sitio\/policia-federal-argentina-allano-la-estacion-de-servicios-petrobras\/img-20180814-wa0001\/\" data-orig-file=\"https:\/\/eldiariodesanpedro.com.ar\/sitio\/wp-content\/uploads\/2018\/08\/IMG-20180814-WA0001.jpg\" data-orig-size=\"1101,562\" data-comments-opened=\"1\" data-image-meta=\"{&quot;aperture&quot;:&quot;0&quot;,&quot;credit&quot;:&quot;&quot;,&quot;camera&quot;:&quot;&quot;,&quot;caption&quot;:&quot;&quot;,&quot;created_timestamp&quot;:&quot;0&quot;,&quot;copyright&quot;:&quot;&quot;,&quot;focal_length&quot;:&quot;0&quot;,&quot;iso&quot;:&quot;0&quot;,&quot;shutter_speed&quot;:&quot;0&quot;,&quot;title&quot;:&quot;&quot;,&quot;orientation&quot;:&quot;0&quot;}\" data-image-title=\"IMG-20180814-WA0001\" data-image-description=\"\" data-image-caption=\"\" data-large-file=\"https:\/\/eldiariodesanpedro.com.ar\/sitio\/wp-content\/uploads\/2018\/08\/IMG-20180814-WA0001-1024x523.jpg\" class=\"alignnone size-large wp-image-38406 lazyload\" data-src=\"https:\/\/eldiariodesanpedro.com.ar\/sitio\/wp-content\/uploads\/2018\/08\/IMG-20180814-WA0001-1024x523.jpg\" alt=\"\" width=\"660\" height=\"337\" data-srcset=\"https:\/\/eldiariodesanpedro.com.ar\/sitio\/wp-content\/uploads\/2018\/08\/IMG-20180814-WA0001-1024x523.jpg 1024w, https:\/\/eldiariodesanpedro.com.ar\/sitio\/wp-content\/uploads\/2018\/08\/IMG-20180814-WA0001-300x153.jpg 300w, https:\/\/eldiariodesanpedro.com.ar\/sitio\/wp-content\/uploads\/2018\/08\/IMG-20180814-WA0001-768x392.jpg 768w, https:\/\/eldiariodesanpedro.com.ar\/sitio\/wp-content\/uploads\/2018\/08\/IMG-20180814-WA0001.jpg 1101w\" data-sizes=\"(max-width: 660px) 100vw, 660px\" src=\"data:image\/svg+xml;base64,PHN2ZyB3aWR0aD0iMSIgaGVpZ2h0PSIxIiB4bWxucz0iaHR0cDovL3d3dy53My5vcmcvMjAwMC9zdmciPjwvc3ZnPg==\" style=\"--smush-placeholder-width: 660px; --smush-placeholder-aspect-ratio: 660\/337;\" \/><\/p>\n","protected":false},"excerpt":{"rendered":"<p>La Polic\u00eda Federal Argentina (San Nicol\u00e1s) allano estaci\u00f3n de servicios Petrobras, ubicada en las intersecciones de la Avenida Crucero Gral. Belgrano y Libertad. El d\u00eda lunes en horas de la ma\u00f1ana personal de la Delegaci\u00f3n San Nicol\u00e1s de la Polic\u00eda Federal Argentina procedi\u00f3 al allanamiento de la Estaci\u00f3n de Servicios Petrobras ubicada en la intersecci\u00f3n [&hellip;]<\/p>\n","protected":false},"author":4,"featured_media":38406,"comment_status":"open","ping_status":"closed","sticky":false,"template":"","format":"standard","meta":{"om_disable_all_campaigns":false,"_jetpack_memberships_contains_paid_content":false,"footnotes":""},"categories":[50,2,103],"tags":[],"class_list":["post-38398","post","type-post","status-publish","format-standard","has-post-thumbnail","hentry","category-destacadas","category-locales","category-policiales-locales"],"aioseo_notices":[],"gutentor_comment":0,"jetpack_featured_media_url":"https:\/\/eldiariodesanpedro.com.ar\/sitio\/wp-content\/uploads\/2018\/08\/IMG-20180814-WA0001.jpg","jetpack_shortlink":"https:\/\/wp.me\/p6RhLt-9Zk","jetpack_sharing_enabled":true,"_links":{"self":[{"href":"https:\/\/eldiariodesanpedro.com.ar\/sitio\/wp-json\/wp\/v2\/posts\/38398","targetHints":{"allow":["GET"]}}],"collection":[{"href":"https:\/\/eldiariodesanpedro.com.ar\/sitio\/wp-json\/wp\/v2\/posts"}],"about":[{"href":"https:\/\/eldiariodesanpedro.com.ar\/sitio\/wp-json\/wp\/v2\/types\/post"}],"author":[{"embeddable":true,"href":"https:\/\/eldiariodesanpedro.com.ar\/sitio\/wp-json\/wp\/v2\/users\/4"}],"replies":[{"embeddable":true,"href":"https:\/\/eldiariodesanpedro.com.ar\/sitio\/wp-json\/wp\/v2\/comments?post=38398"}],"version-history":[{"count":1,"href":"https:\/\/eldiariodesanpedro.com.ar\/sitio\/wp-json\/wp\/v2\/posts\/38398\/revisions"}],"predecessor-version":[{"id":38409,"href":"https:\/\/eldiariodesanpedro.com.ar\/sitio\/wp-json\/wp\/v2\/posts\/38398\/revisions\/38409"}],"wp:featuredmedia":[{"embeddable":true,"href":"https:\/\/eldiariodesanpedro.com.ar\/sitio\/wp-json\/wp\/v2\/media\/38406"}],"wp:attachment":[{"href":"https:\/\/eldiariodesanpedro.com.ar\/sitio\/wp-json\/wp\/v2\/media?parent=38398"}],"wp:term":[{"taxonomy":"category","embeddable":true,"href":"https:\/\/eldiariodesanpedro.com.ar\/sitio\/wp-json\/wp\/v2\/categories?post=38398"},{"taxonomy":"post_tag","embeddable":true,"href":"https:\/\/eldiariodesanpedro.com.ar\/sitio\/wp-json\/wp\/v2\/tags?post=38398"}],"curies":[{"name":"wp","href":"https:\/\/api.w.org\/{rel}","templated":true}]}}