{"id":38380,"date":"2018-08-14T20:54:58","date_gmt":"2018-08-14T23:54:58","guid":{"rendered":"https:\/\/eldiariodesanpedro.com.ar\/sitio\/?p=38380"},"modified":"2026-01-24T00:11:15","modified_gmt":"2026-01-24T03:11:15","slug":"ciclismo-el-palomo-volo-alto","status":"publish","type":"post","link":"https:\/\/eldiariodesanpedro.com.ar\/sitio\/ciclismo-el-palomo-volo-alto\/","title":{"rendered":"CICLISMO: El \u201cPalomo\u201d vol\u00f3 alto"},"content":{"rendered":"<p><!-- VideographyWP Plugin Message: Automatic video embedding prevented by plugin options. --><br \/>\n  \u201cEl Palomo\u201d Corval\u00e1n vol\u00f3\u201d en M\u00e1ster \u201cB-2 y \u201cC\u201d, mientras Mariano Manzo, se impuso sobre los \u00faltimo metros en gran sprint de la competencia de fondo y ah\u00ed en el medio, tal cu\u00f1a, se meti\u00f3 el de La Luisa, Just\u00edn Joach\u00edn, rompiendo el Podio, Sampedrino; sobresalientes triunfos locales en las pruebas m\u00e1s participativas de la programaci\u00f3n.<\/p>\n<p><em>  As\u00ed se asignaron las clasificaciones del s\u00e1bado 11 de Agosto 2018:<\/em><\/p>\n<p><strong>PE\u00d1A CICLISTAS SAMPEDRINOS<\/strong><br \/>\n1\u00ba Javier Gorbaran<br \/>\n2\u00ba Daniel Chipolini<br \/>\n3\u00ba Claudio Palacios<br \/>\n4\u00ba Ra\u00fal Canabal<br \/>\n5\u00ba Oscar Berventan<\/p>\n<p><strong>MAYORES Y MENORES ZONALES<\/strong><br \/>\n1\u00ba Juan Sinforoso (Col\u00f3n)<br \/>\n2\u00ba Braian Carro (San Pedro)<br \/>\n3\u00ba Mat\u00edas Mendez (Lincoln)<br \/>\n4\u00ba Nicol\u00e1s Casado ((San Pedro)<br \/>\n5\u00ba Gustavo Michelli (Lincoln)<\/p>\n<p><strong>M\u00c1STER \u201cD\u201d<\/strong><br \/>\n1\u00ba Juan Rodr\u00edguez (Arrecifes)<br \/>\n2\u00ba Rub\u00e9n Morales (San Pedro)<br \/>\n3\u00ba Luis Magallanes (Z\u00e1rate)<br \/>\n4\u00ba Oscar L\u00f3pez (Z\u00e1rate)<br \/>\n5\u00ba Walter Romasanta (Arrecifes)<\/p>\n<p><strong>M\u00c1STER \u201cB-2\u201d Y M\u00c1STER \u201cC\u201d<\/strong><br \/>\n1\u00ba Fernando \u201cPalomo\u201d Corval\u00e1n (San Pedro)<br \/>\n2\u00ba Juan Fontana (Capit\u00e1n Sarmiento)<br \/>\n3\u00ba Jorge Gallo(Pergamino)<br \/>\n4\u00ba N\u00e9stor \u201cChicho\u201d Varela (Arrecifes)<br \/>\n5\u00ba Rub\u00e9n Mallada (Z\u00e1rate)<br \/>\n6\u00ba Jos\u00e9 Luis Pereyra (San Pedro)<\/p>\n<p><strong>M\u00c1STER \u201cB\u201d<\/strong><br \/>\n1\u00ba Sergio Vargas (Col\u00f3n)<br \/>\n2\u00ba Cristian Basualdo (San Pedro)<br \/>\n3\u00ba Luis Alegre (Capit\u00e1n Sarmiento)<\/p>\n<p><strong>PROMOCIONAL y M\u00c1STER \u201cA\u201d<\/strong><br \/>\n1\u00ba Mariano Manzo (San Pedro)<br \/>\n2\u00ba Juan Jos\u00e9 Paz (San Pedro)<br \/>\n3\u00ba Just\u00edn Joach\u00edn (La Luisa)<br \/>\n4\u00ba L\u00e1zaro Villarruel (San Pedro)<br \/>\n5\u00ba Cristian Monz\u00f3n (San Pedro)<\/p>\n<p>Ganadores Sprinter especiales: Juan Jos\u00e9 Paz \u2013 Mat\u00edas Nu\u00f1ez (Colon) \u2013 Pablo Gonz\u00e1lez (San Andr\u00e9s de Giles) \u2013 Sergio Vargas (Col\u00f3n) \u2013 Maximiliano Colzani (Col\u00f3n) \u2013 Diego Torres (Arrecifes) \u2013 Valent\u00edn Manzo.<\/p>\n<p>EMBALAJE \u201cMARCOS MARMO\u201d: Edgardo Marcelini (Col\u00f3n)<br \/>\nEMBALAJE \u201cJUAN COVAL\u201d: Dami\u00e1n Boscherino<\/p>\n","protected":false},"excerpt":{"rendered":"<p>\u201cEl Palomo\u201d Corval\u00e1n vol\u00f3\u201d en M\u00e1ster \u201cB-2 y \u201cC\u201d, mientras Mariano Manzo, se impuso sobre los \u00faltimo metros en gran sprint de la competencia de fondo y ah\u00ed en el medio, tal cu\u00f1a, se meti\u00f3 el de La Luisa, Just\u00edn Joach\u00edn, rompiendo el Podio, Sampedrino; sobresalientes triunfos locales en las pruebas m\u00e1s participativas de la [&hellip;]<\/p>\n","protected":false},"author":4,"featured_media":38424,"comment_status":"open","ping_status":"closed","sticky":false,"template":"","format":"standard","meta":{"om_disable_all_campaigns":false,"_jetpack_memberships_contains_paid_content":false,"footnotes":""},"categories":[5],"tags":[],"class_list":["post-38380","post","type-post","status-publish","format-standard","has-post-thumbnail","hentry","category-deportes"],"aioseo_notices":[],"gutentor_comment":0,"jetpack_featured_media_url":"https:\/\/eldiariodesanpedro.com.ar\/sitio\/wp-content\/uploads\/2018\/08\/foto-1-15-08-18.jpg","jetpack_shortlink":"https:\/\/wp.me\/p6RhLt-9Z2","jetpack_sharing_enabled":true,"_links":{"self":[{"href":"https:\/\/eldiariodesanpedro.com.ar\/sitio\/wp-json\/wp\/v2\/posts\/38380","targetHints":{"allow":["GET"]}}],"collection":[{"href":"https:\/\/eldiariodesanpedro.com.ar\/sitio\/wp-json\/wp\/v2\/posts"}],"about":[{"href":"https:\/\/eldiariodesanpedro.com.ar\/sitio\/wp-json\/wp\/v2\/types\/post"}],"author":[{"embeddable":true,"href":"https:\/\/eldiariodesanpedro.com.ar\/sitio\/wp-json\/wp\/v2\/users\/4"}],"replies":[{"embeddable":true,"href":"https:\/\/eldiariodesanpedro.com.ar\/sitio\/wp-json\/wp\/v2\/comments?post=38380"}],"version-history":[{"count":1,"href":"https:\/\/eldiariodesanpedro.com.ar\/sitio\/wp-json\/wp\/v2\/posts\/38380\/revisions"}],"predecessor-version":[{"id":38426,"href":"https:\/\/eldiariodesanpedro.com.ar\/sitio\/wp-json\/wp\/v2\/posts\/38380\/revisions\/38426"}],"wp:featuredmedia":[{"embeddable":true,"href":"https:\/\/eldiariodesanpedro.com.ar\/sitio\/wp-json\/wp\/v2\/media\/38424"}],"wp:attachment":[{"href":"https:\/\/eldiariodesanpedro.com.ar\/sitio\/wp-json\/wp\/v2\/media?parent=38380"}],"wp:term":[{"taxonomy":"category","embeddable":true,"href":"https:\/\/eldiariodesanpedro.com.ar\/sitio\/wp-json\/wp\/v2\/categories?post=38380"},{"taxonomy":"post_tag","embeddable":true,"href":"https:\/\/eldiariodesanpedro.com.ar\/sitio\/wp-json\/wp\/v2\/tags?post=38380"}],"curies":[{"name":"wp","href":"https:\/\/api.w.org\/{rel}","templated":true}]}}