{"id":38373,"date":"2018-08-14T20:19:47","date_gmt":"2018-08-14T23:19:47","guid":{"rendered":"https:\/\/eldiariodesanpedro.com.ar\/sitio\/?p=38373"},"modified":"2018-08-14T20:26:29","modified_gmt":"2018-08-14T23:26:29","slug":"presentacion-de-los-nuevos-depositos-fiscales-de-la-empresa-ruta-9-group-logistica","status":"publish","type":"post","link":"https:\/\/eldiariodesanpedro.com.ar\/sitio\/presentacion-de-los-nuevos-depositos-fiscales-de-la-empresa-ruta-9-group-logistica\/","title":{"rendered":"Presentaci\u00f3n de los nuevos dep\u00f3sitos fiscales de la empresa Ruta 9 Group logistica"},"content":{"rendered":"<p><!-- VideographyWP Plugin Message: Automatic video embedding prevented by plugin options. --><br \/>\nEn la ma\u00f1ana de este martes, desde Ruta 9 Group Log\u00edstica S.R.L. se brind\u00f3 una conferencia de prensa, que cont\u00f3 con la presencia del Intendente Salazar y de integrantes del Gabinete, en donde se brindaron detalles sobre la habilitaci\u00f3n del Dep\u00f3sito Fiscal que funciona en el predio localizado en Ruta 1001.<\/p>\n<p>Alejandro Gulglielmi y Javier Mosqueda en representaci\u00f3n de la empresa comentaron las novedades que permitir\u00e1n dentro de las pr\u00f3ximas horas las primeras operaciones a trav\u00e9s de esta instalaci\u00f3n que brindar\u00e1 un servicio estrat\u00e9gico para toda la regi\u00f3n, orientado especialmente a alimentos, cereales y otro tipo de mercader\u00edas limpias que las empresas interesadas podr\u00e1n consolidar y despachar desde all\u00ed. El Intendente Cecilio Salazar que acompa\u00f1\u00f3 todo el proceso de tramitaci\u00f3n a lo largo de los \u00faltimos meses destac\u00f3 el acompa\u00f1amiento de la Provincia y de la Naci\u00f3n para la concreci\u00f3n de este proyecto, mencionando especialmente al Ministro de la Producci\u00f3n Javier Tizado y al Senador Esteban Bulrich que hace pocos meses visit\u00f3 el lugar y comprometi\u00f3 su colaboraci\u00f3n para agilizar todos los tr\u00e1mites.<\/p>\n<p>El jefe comunal felicit\u00f3 a los empresarios y destac\u00f3 la inversi\u00f3n local apuntando un desarrollo \u00abque todos deseamos para nuestra regi\u00f3n\u00bb. En el mismo sentido el Secretario de Gobierno Silvio Corti coloc\u00f3 esta novedad en un contexto que encuentra a San Pedro trabajando para fortalecer todo el circuito productivo, desde el campo hasta el puerto, valorando nuevas oportunidades de crecimiento.<br \/>\nSalazar Destac\u00f3 la colaboraci\u00f3n del ministro de la Producci\u00f3n, Javier Tizado y del senador Esteban Bullrich que ayudaron a destrabar terminar los tr\u00e1mites necesarios para poder funcionar.<\/p>\n<p>N\u00e9stor Casal en nombre de la C\u00e1mara de Comercio Exterior del Centro de Comercio tambi\u00e9n estuvo presente en este lanzamiento y expres\u00f3 la satisfacci\u00f3n y el est\u00edmulo que representa para la actividad contar con un Dep\u00f3sito Fiscal en San Pedro.<\/p>\n<p>El Dep\u00f3sito Fiscal de Ruta 9 Group Log\u00edstica cuenta con instalaciones nuevas para la realizaci\u00f3n de los tr\u00e1mites aduaneros dentro del predio, espacios de maniobra para los transportes, c\u00e1maras de fr\u00edo y un esc\u00e1ner homologado para efectuar todos los controles previos a la habilitaci\u00f3n de las operaciones de exportaci\u00f3n.<\/p>\n<p>Tras la conferencia de prensa los participantes de la reuni\u00f3n efectuaron una recorrida junto a los medios de prensa que acompa\u00f1aron esta importante novedad para San Pedro y toda la regi\u00f3n.<\/p>\n<p><img decoding=\"async\" data-attachment-id=\"38382\" data-permalink=\"https:\/\/eldiariodesanpedro.com.ar\/sitio\/presentacion-de-los-nuevos-depositos-fiscales-de-la-empresa-ruta-9-group-logistica\/20180814_113618\/\" data-orig-file=\"https:\/\/eldiariodesanpedro.com.ar\/sitio\/wp-content\/uploads\/2018\/08\/20180814_113618-e1534288414558.jpg\" data-orig-size=\"1200,583\" data-comments-opened=\"1\" data-image-meta=\"{&quot;aperture&quot;:&quot;1.7&quot;,&quot;credit&quot;:&quot;&quot;,&quot;camera&quot;:&quot;SM-N950F&quot;,&quot;caption&quot;:&quot;&quot;,&quot;created_timestamp&quot;:&quot;1534246578&quot;,&quot;copyright&quot;:&quot;&quot;,&quot;focal_length&quot;:&quot;4.3&quot;,&quot;iso&quot;:&quot;40&quot;,&quot;shutter_speed&quot;:&quot;0.00060679611650485&quot;,&quot;title&quot;:&quot;&quot;,&quot;orientation&quot;:&quot;1&quot;}\" data-image-title=\"20180814_113618\" data-image-description=\"\" data-image-caption=\"\" data-large-file=\"https:\/\/eldiariodesanpedro.com.ar\/sitio\/wp-content\/uploads\/2018\/08\/20180814_113618-1024x498.jpg\" class=\"size-large wp-image-38382 aligncenter lazyload\" data-src=\"https:\/\/eldiariodesanpedro.com.ar\/sitio\/wp-content\/uploads\/2018\/08\/20180814_113618-1024x498.jpg\" alt=\"\" width=\"660\" height=\"321\" src=\"data:image\/svg+xml;base64,PHN2ZyB3aWR0aD0iMSIgaGVpZ2h0PSIxIiB4bWxucz0iaHR0cDovL3d3dy53My5vcmcvMjAwMC9zdmciPjwvc3ZnPg==\" style=\"--smush-placeholder-width: 660px; --smush-placeholder-aspect-ratio: 660\/321;\" \/><\/p>\n<p><img decoding=\"async\" data-attachment-id=\"38393\" data-permalink=\"https:\/\/eldiariodesanpedro.com.ar\/sitio\/presentacion-de-los-nuevos-depositos-fiscales-de-la-empresa-ruta-9-group-logistica\/20180814_120748\/\" data-orig-file=\"https:\/\/eldiariodesanpedro.com.ar\/sitio\/wp-content\/uploads\/2018\/08\/20180814_120748-e1534288653999.jpg\" data-orig-size=\"1200,583\" data-comments-opened=\"1\" data-image-meta=\"{&quot;aperture&quot;:&quot;1.7&quot;,&quot;credit&quot;:&quot;&quot;,&quot;camera&quot;:&quot;SM-N950F&quot;,&quot;caption&quot;:&quot;&quot;,&quot;created_timestamp&quot;:&quot;1534248468&quot;,&quot;copyright&quot;:&quot;&quot;,&quot;focal_length&quot;:&quot;4.3&quot;,&quot;iso&quot;:&quot;125&quot;,&quot;shutter_speed&quot;:&quot;0.02&quot;,&quot;title&quot;:&quot;&quot;,&quot;orientation&quot;:&quot;1&quot;}\" data-image-title=\"20180814_120748\" data-image-description=\"\" data-image-caption=\"\" data-large-file=\"https:\/\/eldiariodesanpedro.com.ar\/sitio\/wp-content\/uploads\/2018\/08\/20180814_120748-1024x498.jpg\" class=\"size-large wp-image-38393 aligncenter lazyload\" data-src=\"https:\/\/eldiariodesanpedro.com.ar\/sitio\/wp-content\/uploads\/2018\/08\/20180814_120748-1024x498.jpg\" alt=\"\" width=\"660\" height=\"321\" src=\"data:image\/svg+xml;base64,PHN2ZyB3aWR0aD0iMSIgaGVpZ2h0PSIxIiB4bWxucz0iaHR0cDovL3d3dy53My5vcmcvMjAwMC9zdmciPjwvc3ZnPg==\" style=\"--smush-placeholder-width: 660px; --smush-placeholder-aspect-ratio: 660\/321;\" \/><\/p>\n<p><img decoding=\"async\" data-attachment-id=\"38392\" data-permalink=\"https:\/\/eldiariodesanpedro.com.ar\/sitio\/presentacion-de-los-nuevos-depositos-fiscales-de-la-empresa-ruta-9-group-logistica\/20180814_122129\/\" data-orig-file=\"https:\/\/eldiariodesanpedro.com.ar\/sitio\/wp-content\/uploads\/2018\/08\/20180814_122129-e1534288626975.jpg\" data-orig-size=\"1200,583\" data-comments-opened=\"1\" data-image-meta=\"{&quot;aperture&quot;:&quot;1.7&quot;,&quot;credit&quot;:&quot;&quot;,&quot;camera&quot;:&quot;SM-N950F&quot;,&quot;caption&quot;:&quot;&quot;,&quot;created_timestamp&quot;:&quot;1534249289&quot;,&quot;copyright&quot;:&quot;&quot;,&quot;focal_length&quot;:&quot;4.3&quot;,&quot;iso&quot;:&quot;125&quot;,&quot;shutter_speed&quot;:&quot;0.02&quot;,&quot;title&quot;:&quot;&quot;,&quot;orientation&quot;:&quot;1&quot;}\" data-image-title=\"20180814_122129\" data-image-description=\"\" data-image-caption=\"\" data-large-file=\"https:\/\/eldiariodesanpedro.com.ar\/sitio\/wp-content\/uploads\/2018\/08\/20180814_122129-1024x498.jpg\" class=\"size-large wp-image-38392 aligncenter lazyload\" data-src=\"https:\/\/eldiariodesanpedro.com.ar\/sitio\/wp-content\/uploads\/2018\/08\/20180814_122129-1024x498.jpg\" alt=\"\" width=\"660\" height=\"321\" src=\"data:image\/svg+xml;base64,PHN2ZyB3aWR0aD0iMSIgaGVpZ2h0PSIxIiB4bWxucz0iaHR0cDovL3d3dy53My5vcmcvMjAwMC9zdmciPjwvc3ZnPg==\" style=\"--smush-placeholder-width: 660px; --smush-placeholder-aspect-ratio: 660\/321;\" \/><\/p>\n<p><img decoding=\"async\" data-attachment-id=\"38389\" data-permalink=\"https:\/\/eldiariodesanpedro.com.ar\/sitio\/presentacion-de-los-nuevos-depositos-fiscales-de-la-empresa-ruta-9-group-logistica\/20180814_122412\/\" data-orig-file=\"https:\/\/eldiariodesanpedro.com.ar\/sitio\/wp-content\/uploads\/2018\/08\/20180814_122412-e1534288559580.jpg\" data-orig-size=\"1200,583\" data-comments-opened=\"1\" data-image-meta=\"{&quot;aperture&quot;:&quot;1.7&quot;,&quot;credit&quot;:&quot;&quot;,&quot;camera&quot;:&quot;SM-N950F&quot;,&quot;caption&quot;:&quot;&quot;,&quot;created_timestamp&quot;:&quot;1534249452&quot;,&quot;copyright&quot;:&quot;&quot;,&quot;focal_length&quot;:&quot;4.3&quot;,&quot;iso&quot;:&quot;40&quot;,&quot;shutter_speed&quot;:&quot;0.00025667351129363&quot;,&quot;title&quot;:&quot;&quot;,&quot;orientation&quot;:&quot;1&quot;}\" data-image-title=\"20180814_122412\" data-image-description=\"\" data-image-caption=\"\" data-large-file=\"https:\/\/eldiariodesanpedro.com.ar\/sitio\/wp-content\/uploads\/2018\/08\/20180814_122412-1024x498.jpg\" class=\"size-large wp-image-38389 aligncenter lazyload\" data-src=\"https:\/\/eldiariodesanpedro.com.ar\/sitio\/wp-content\/uploads\/2018\/08\/20180814_122412-1024x498.jpg\" alt=\"\" width=\"660\" height=\"321\" src=\"data:image\/svg+xml;base64,PHN2ZyB3aWR0aD0iMSIgaGVpZ2h0PSIxIiB4bWxucz0iaHR0cDovL3d3dy53My5vcmcvMjAwMC9zdmciPjwvc3ZnPg==\" style=\"--smush-placeholder-width: 660px; --smush-placeholder-aspect-ratio: 660\/321;\" \/><\/p>\n<p><img decoding=\"async\" data-attachment-id=\"38390\" data-permalink=\"https:\/\/eldiariodesanpedro.com.ar\/sitio\/presentacion-de-los-nuevos-depositos-fiscales-de-la-empresa-ruta-9-group-logistica\/20180814_121914\/\" data-orig-file=\"https:\/\/eldiariodesanpedro.com.ar\/sitio\/wp-content\/uploads\/2018\/08\/20180814_121914-e1534288600654.jpg\" data-orig-size=\"1200,583\" data-comments-opened=\"1\" data-image-meta=\"{&quot;aperture&quot;:&quot;1.7&quot;,&quot;credit&quot;:&quot;&quot;,&quot;camera&quot;:&quot;SM-N950F&quot;,&quot;caption&quot;:&quot;&quot;,&quot;created_timestamp&quot;:&quot;1534249154&quot;,&quot;copyright&quot;:&quot;&quot;,&quot;focal_length&quot;:&quot;4.3&quot;,&quot;iso&quot;:&quot;40&quot;,&quot;shutter_speed&quot;:&quot;0.00038343558282209&quot;,&quot;title&quot;:&quot;&quot;,&quot;orientation&quot;:&quot;1&quot;}\" data-image-title=\"20180814_121914\" data-image-description=\"\" data-image-caption=\"\" data-large-file=\"https:\/\/eldiariodesanpedro.com.ar\/sitio\/wp-content\/uploads\/2018\/08\/20180814_121914-1024x498.jpg\" class=\"size-large wp-image-38390 aligncenter lazyload\" data-src=\"https:\/\/eldiariodesanpedro.com.ar\/sitio\/wp-content\/uploads\/2018\/08\/20180814_121914-1024x498.jpg\" alt=\"\" width=\"660\" height=\"321\" src=\"data:image\/svg+xml;base64,PHN2ZyB3aWR0aD0iMSIgaGVpZ2h0PSIxIiB4bWxucz0iaHR0cDovL3d3dy53My5vcmcvMjAwMC9zdmciPjwvc3ZnPg==\" style=\"--smush-placeholder-width: 660px; --smush-placeholder-aspect-ratio: 660\/321;\" \/><\/p>\n<p><img decoding=\"async\" data-attachment-id=\"38386\" data-permalink=\"https:\/\/eldiariodesanpedro.com.ar\/sitio\/presentacion-de-los-nuevos-depositos-fiscales-de-la-empresa-ruta-9-group-logistica\/20180814_120834\/\" data-orig-file=\"https:\/\/eldiariodesanpedro.com.ar\/sitio\/wp-content\/uploads\/2018\/08\/20180814_120834-e1534288525976.jpg\" data-orig-size=\"1200,583\" data-comments-opened=\"1\" data-image-meta=\"{&quot;aperture&quot;:&quot;1.7&quot;,&quot;credit&quot;:&quot;&quot;,&quot;camera&quot;:&quot;SM-N950F&quot;,&quot;caption&quot;:&quot;&quot;,&quot;created_timestamp&quot;:&quot;1534248513&quot;,&quot;copyright&quot;:&quot;&quot;,&quot;focal_length&quot;:&quot;4.3&quot;,&quot;iso&quot;:&quot;40&quot;,&quot;shutter_speed&quot;:&quot;0.00017409470752089&quot;,&quot;title&quot;:&quot;&quot;,&quot;orientation&quot;:&quot;1&quot;}\" data-image-title=\"20180814_120834\" data-image-description=\"\" data-image-caption=\"\" data-large-file=\"https:\/\/eldiariodesanpedro.com.ar\/sitio\/wp-content\/uploads\/2018\/08\/20180814_120834-1024x498.jpg\" class=\"size-large wp-image-38386 aligncenter lazyload\" data-src=\"https:\/\/eldiariodesanpedro.com.ar\/sitio\/wp-content\/uploads\/2018\/08\/20180814_120834-1024x498.jpg\" alt=\"\" width=\"660\" height=\"321\" src=\"data:image\/svg+xml;base64,PHN2ZyB3aWR0aD0iMSIgaGVpZ2h0PSIxIiB4bWxucz0iaHR0cDovL3d3dy53My5vcmcvMjAwMC9zdmciPjwvc3ZnPg==\" style=\"--smush-placeholder-width: 660px; --smush-placeholder-aspect-ratio: 660\/321;\" \/><\/p>\n<p><img decoding=\"async\" data-attachment-id=\"38385\" data-permalink=\"https:\/\/eldiariodesanpedro.com.ar\/sitio\/presentacion-de-los-nuevos-depositos-fiscales-de-la-empresa-ruta-9-group-logistica\/20180814_120738\/\" data-orig-file=\"https:\/\/eldiariodesanpedro.com.ar\/sitio\/wp-content\/uploads\/2018\/08\/20180814_120738-e1534288472827.jpg\" data-orig-size=\"1200,583\" data-comments-opened=\"1\" data-image-meta=\"{&quot;aperture&quot;:&quot;1.7&quot;,&quot;credit&quot;:&quot;&quot;,&quot;camera&quot;:&quot;SM-N950F&quot;,&quot;caption&quot;:&quot;&quot;,&quot;created_timestamp&quot;:&quot;1534248458&quot;,&quot;copyright&quot;:&quot;&quot;,&quot;focal_length&quot;:&quot;4.3&quot;,&quot;iso&quot;:&quot;100&quot;,&quot;shutter_speed&quot;:&quot;0.02&quot;,&quot;title&quot;:&quot;&quot;,&quot;orientation&quot;:&quot;1&quot;}\" data-image-title=\"20180814_120738\" data-image-description=\"\" data-image-caption=\"\" data-large-file=\"https:\/\/eldiariodesanpedro.com.ar\/sitio\/wp-content\/uploads\/2018\/08\/20180814_120738-1024x498.jpg\" class=\"size-large wp-image-38385 aligncenter lazyload\" data-src=\"https:\/\/eldiariodesanpedro.com.ar\/sitio\/wp-content\/uploads\/2018\/08\/20180814_120738-1024x498.jpg\" alt=\"\" width=\"660\" height=\"321\" src=\"data:image\/svg+xml;base64,PHN2ZyB3aWR0aD0iMSIgaGVpZ2h0PSIxIiB4bWxucz0iaHR0cDovL3d3dy53My5vcmcvMjAwMC9zdmciPjwvc3ZnPg==\" style=\"--smush-placeholder-width: 660px; --smush-placeholder-aspect-ratio: 660\/321;\" \/><\/p>\n<p><img decoding=\"async\" data-attachment-id=\"38383\" data-permalink=\"https:\/\/eldiariodesanpedro.com.ar\/sitio\/presentacion-de-los-nuevos-depositos-fiscales-de-la-empresa-ruta-9-group-logistica\/20180814_122149\/\" data-orig-file=\"https:\/\/eldiariodesanpedro.com.ar\/sitio\/wp-content\/uploads\/2018\/08\/20180814_122149-e1534288435514.jpg\" data-orig-size=\"1200,583\" data-comments-opened=\"1\" data-image-meta=\"{&quot;aperture&quot;:&quot;1.7&quot;,&quot;credit&quot;:&quot;&quot;,&quot;camera&quot;:&quot;SM-N950F&quot;,&quot;caption&quot;:&quot;&quot;,&quot;created_timestamp&quot;:&quot;1534249309&quot;,&quot;copyright&quot;:&quot;&quot;,&quot;focal_length&quot;:&quot;4.3&quot;,&quot;iso&quot;:&quot;160&quot;,&quot;shutter_speed&quot;:&quot;0.022222222222222&quot;,&quot;title&quot;:&quot;&quot;,&quot;orientation&quot;:&quot;1&quot;}\" data-image-title=\"20180814_122149\" data-image-description=\"\" data-image-caption=\"\" data-large-file=\"https:\/\/eldiariodesanpedro.com.ar\/sitio\/wp-content\/uploads\/2018\/08\/20180814_122149-1024x498.jpg\" class=\"size-large wp-image-38383 aligncenter lazyload\" data-src=\"https:\/\/eldiariodesanpedro.com.ar\/sitio\/wp-content\/uploads\/2018\/08\/20180814_122149-1024x498.jpg\" alt=\"\" width=\"660\" height=\"321\" src=\"data:image\/svg+xml;base64,PHN2ZyB3aWR0aD0iMSIgaGVpZ2h0PSIxIiB4bWxucz0iaHR0cDovL3d3dy53My5vcmcvMjAwMC9zdmciPjwvc3ZnPg==\" style=\"--smush-placeholder-width: 660px; --smush-placeholder-aspect-ratio: 660\/321;\" \/><\/p>\n<p><img decoding=\"async\" data-attachment-id=\"38377\" data-permalink=\"https:\/\/eldiariodesanpedro.com.ar\/sitio\/presentacion-de-los-nuevos-depositos-fiscales-de-la-empresa-ruta-9-group-logistica\/20180814_121932\/\" data-orig-file=\"https:\/\/eldiariodesanpedro.com.ar\/sitio\/wp-content\/uploads\/2018\/08\/20180814_121932-e1534288382395.jpg\" data-orig-size=\"1200,583\" data-comments-opened=\"1\" data-image-meta=\"{&quot;aperture&quot;:&quot;1.7&quot;,&quot;credit&quot;:&quot;&quot;,&quot;camera&quot;:&quot;SM-N950F&quot;,&quot;caption&quot;:&quot;&quot;,&quot;created_timestamp&quot;:&quot;1534249172&quot;,&quot;copyright&quot;:&quot;&quot;,&quot;focal_length&quot;:&quot;4.3&quot;,&quot;iso&quot;:&quot;40&quot;,&quot;shutter_speed&quot;:&quot;0.00046296296296296&quot;,&quot;title&quot;:&quot;&quot;,&quot;orientation&quot;:&quot;1&quot;}\" data-image-title=\"20180814_121932\" data-image-description=\"\" data-image-caption=\"\" data-large-file=\"https:\/\/eldiariodesanpedro.com.ar\/sitio\/wp-content\/uploads\/2018\/08\/20180814_121932-1024x498.jpg\" class=\"size-large wp-image-38377 aligncenter lazyload\" data-src=\"https:\/\/eldiariodesanpedro.com.ar\/sitio\/wp-content\/uploads\/2018\/08\/20180814_121932-1024x498.jpg\" alt=\"\" width=\"660\" height=\"321\" src=\"data:image\/svg+xml;base64,PHN2ZyB3aWR0aD0iMSIgaGVpZ2h0PSIxIiB4bWxucz0iaHR0cDovL3d3dy53My5vcmcvMjAwMC9zdmciPjwvc3ZnPg==\" style=\"--smush-placeholder-width: 660px; --smush-placeholder-aspect-ratio: 660\/321;\" \/><\/p>\n<p><img decoding=\"async\" data-attachment-id=\"38376\" data-permalink=\"https:\/\/eldiariodesanpedro.com.ar\/sitio\/presentacion-de-los-nuevos-depositos-fiscales-de-la-empresa-ruta-9-group-logistica\/20180814_120805\/\" data-orig-file=\"https:\/\/eldiariodesanpedro.com.ar\/sitio\/wp-content\/uploads\/2018\/08\/20180814_120805-e1534288356917.jpg\" data-orig-size=\"1200,583\" data-comments-opened=\"1\" data-image-meta=\"{&quot;aperture&quot;:&quot;1.7&quot;,&quot;credit&quot;:&quot;&quot;,&quot;camera&quot;:&quot;SM-N950F&quot;,&quot;caption&quot;:&quot;&quot;,&quot;created_timestamp&quot;:&quot;1534248485&quot;,&quot;copyright&quot;:&quot;&quot;,&quot;focal_length&quot;:&quot;4.3&quot;,&quot;iso&quot;:&quot;40&quot;,&quot;shutter_speed&quot;:&quot;0.00028473804100228&quot;,&quot;title&quot;:&quot;&quot;,&quot;orientation&quot;:&quot;1&quot;}\" data-image-title=\"20180814_120805\" data-image-description=\"\" data-image-caption=\"\" data-large-file=\"https:\/\/eldiariodesanpedro.com.ar\/sitio\/wp-content\/uploads\/2018\/08\/20180814_120805-1024x498.jpg\" class=\"size-large wp-image-38376 aligncenter lazyload\" data-src=\"https:\/\/eldiariodesanpedro.com.ar\/sitio\/wp-content\/uploads\/2018\/08\/20180814_120805-1024x498.jpg\" alt=\"\" width=\"660\" height\n<\/p src=\"data:image\/svg+xml;base64,PHN2ZyB3aWR0aD0iMSIgaGVpZ2h0PSIxIiB4bWxucz0iaHR0cDovL3d3dy53My5vcmcvMjAwMC9zdmciPjwvc3ZnPg==\" style=\"--smush-placeholder-width: 1024px; --smush-placeholder-aspect-ratio: 1024\/498;\">\n","protected":false},"excerpt":{"rendered":"<p>En la ma\u00f1ana de este martes, desde Ruta 9 Group Log\u00edstica S.R.L. se brind\u00f3 una conferencia de prensa, que cont\u00f3 con la presencia del Intendente Salazar y de integrantes del Gabinete, en donde se brindaron detalles sobre la habilitaci\u00f3n del Dep\u00f3sito Fiscal que funciona en el predio localizado en Ruta 1001. Alejandro Gulglielmi y Javier [&hellip;]<\/p>\n","protected":false},"author":4,"featured_media":38374,"comment_status":"open","ping_status":"closed","sticky":false,"template":"","format":"standard","meta":{"om_disable_all_campaigns":false,"_jetpack_memberships_contains_paid_content":false,"footnotes":""},"categories":[50,101,2],"tags":[],"class_list":["post-38373","post","type-post","status-publish","format-standard","has-post-thumbnail","hentry","category-destacadas","category-interes-general-locales","category-locales"],"aioseo_notices":[],"gutentor_comment":0,"jetpack_featured_media_url":"https:\/\/eldiariodesanpedro.com.ar\/sitio\/wp-content\/uploads\/2018\/08\/pastedImage-5.png","jetpack_shortlink":"https:\/\/wp.me\/p6RhLt-9YV","jetpack_sharing_enabled":true,"_links":{"self":[{"href":"https:\/\/eldiariodesanpedro.com.ar\/sitio\/wp-json\/wp\/v2\/posts\/38373","targetHints":{"allow":["GET"]}}],"collection":[{"href":"https:\/\/eldiariodesanpedro.com.ar\/sitio\/wp-json\/wp\/v2\/posts"}],"about":[{"href":"https:\/\/eldiariodesanpedro.com.ar\/sitio\/wp-json\/wp\/v2\/types\/post"}],"author":[{"embeddable":true,"href":"https:\/\/eldiariodesanpedro.com.ar\/sitio\/wp-json\/wp\/v2\/users\/4"}],"replies":[{"embeddable":true,"href":"https:\/\/eldiariodesanpedro.com.ar\/sitio\/wp-json\/wp\/v2\/comments?post=38373"}],"version-history":[{"count":4,"href":"https:\/\/eldiariodesanpedro.com.ar\/sitio\/wp-json\/wp\/v2\/posts\/38373\/revisions"}],"predecessor-version":[{"id":38403,"href":"https:\/\/eldiariodesanpedro.com.ar\/sitio\/wp-json\/wp\/v2\/posts\/38373\/revisions\/38403"}],"wp:featuredmedia":[{"embeddable":true,"href":"https:\/\/eldiariodesanpedro.com.ar\/sitio\/wp-json\/wp\/v2\/media\/38374"}],"wp:attachment":[{"href":"https:\/\/eldiariodesanpedro.com.ar\/sitio\/wp-json\/wp\/v2\/media?parent=38373"}],"wp:term":[{"taxonomy":"category","embeddable":true,"href":"https:\/\/eldiariodesanpedro.com.ar\/sitio\/wp-json\/wp\/v2\/categories?post=38373"},{"taxonomy":"post_tag","embeddable":true,"href":"https:\/\/eldiariodesanpedro.com.ar\/sitio\/wp-json\/wp\/v2\/tags?post=38373"}],"curies":[{"name":"wp","href":"https:\/\/api.w.org\/{rel}","templated":true}]}}