{"id":38366,"date":"2018-08-14T18:29:36","date_gmt":"2018-08-14T21:29:36","guid":{"rendered":"https:\/\/eldiariodesanpedro.com.ar\/sitio\/?p=38366"},"modified":"2018-08-14T18:46:56","modified_gmt":"2018-08-14T21:46:56","slug":"el-intendente-estuvo-presente-en-una-charla-sobre-la-ley-de-integracion-urbana","status":"publish","type":"post","link":"https:\/\/eldiariodesanpedro.com.ar\/sitio\/el-intendente-estuvo-presente-en-una-charla-sobre-la-ley-de-integracion-urbana\/","title":{"rendered":"El intendente estuvo presente en una charla sobre la Ley de Integraci\u00f3n Urbana"},"content":{"rendered":"<p><!-- VideographyWP Plugin Message: Automatic video embedding prevented by plugin options. --><br \/>\nEl Intendente Cecilio Salazar particip\u00f3 este lunes 13 de Agosto de una jornada sobre la Ley de Integraci\u00f3n Urbana en el Auditorio de la C\u00e1mara de Diputados. Fue un encuentro con instituciones legisladores y funcionarios en el que panelistas del sector p\u00fablico y de organizaciones que trabajan en la Ley de Regularizaci\u00f3n Dominial expusieron con relaci\u00f3n a los avances en este tema. Durante el encuentro se ofrecieron charlas divididas en mesas institucionales, t\u00e9cnicas y territoriales. La normativa obtuvo media sanci\u00f3n en Diputados y antes de su tratamiento en el Senado de la Naci\u00f3n las organizaciones IADEPP, Identidad Vecinal y Techo compartieron esta actividad para acercar mayor informaci\u00f3n a representantes de todos los municipios. Entre quienes desarrollaron los ejes en los que se divide esta Ley estuvieron  Ram\u00f3n Lan\u00fas, titular de la Agencia de Administraci\u00f3n de Bienes del Estado (AABE), Sebasti\u00e1n Welisiejko, Secretario de Integraci\u00f3n socio urbana (Ministerio de Desarrollo Social de la Naci\u00f3n) y Virgilio Gregorini, Director de Techo. El sector t\u00e9cnico de la jornada lo encabez\u00f3 Diputado Nacional Fabio Quetglas, Director de la Maestr\u00eda en Ciudades (UBA) y especialista en desarrollo urbano, Fernanda Mi\u00f1o, concejal de San Isidro (Unidad Ciudadana), catequista y vecina del barrio La Cava de San Isidro y Agust\u00edn Algorta, coordinador del ReNaBaP. La mesa territorial cont\u00f3 con distintos referentes de organizaciones sociales. <\/p>\n<p>El pasado 4 de Julio tuvo media sanci\u00f3n la ley que permitir\u00eda expropiar tierras y urbanizar m\u00e1s de cuatro mil barrios populares, villas y asentamientos de todo el pa\u00eds a partir de un proyecto de Cambiemos impulsado desde hace tiempo por diversas organizaciones sociales.<\/p>\n<p>Los diferentes expositores de este nuevo encuentro rescataron los puntos centrales de la ley que de aprobarse declarar\u00e1 de utilidad p\u00fablica y sujetas a expropiaci\u00f3n las tierras que ocupan los barrios populares relevados en el ReNaBaP y que no corresponden al Estado Nacional y la suspensi\u00f3n de desalojos en dichos lugares durante cuatro a\u00f1os. Adem\u00e1s permitir\u00eda avanzar en la regularizaci\u00f3n de la tenencia de la tierra para millones de vecinos, que a partir de esta medida podr\u00edan obtener el t\u00edtulo de propiedad de sus casas pagando una serie de cuotas acordes a sus posibilidades a la Naci\u00f3n.<\/p>\n<p><img decoding=\"async\" data-attachment-id=\"38370\" data-permalink=\"https:\/\/eldiariodesanpedro.com.ar\/sitio\/el-intendente-estuvo-presente-en-una-charla-sobre-la-ley-de-integracion-urbana\/1534282087409_pastedimage\/\" data-orig-file=\"https:\/\/eldiariodesanpedro.com.ar\/sitio\/wp-content\/uploads\/2018\/08\/1534282087409_pastedImage.png\" data-orig-size=\"801,425\" data-comments-opened=\"1\" data-image-meta=\"{&quot;aperture&quot;:&quot;0&quot;,&quot;credit&quot;:&quot;&quot;,&quot;camera&quot;:&quot;&quot;,&quot;caption&quot;:&quot;&quot;,&quot;created_timestamp&quot;:&quot;0&quot;,&quot;copyright&quot;:&quot;&quot;,&quot;focal_length&quot;:&quot;0&quot;,&quot;iso&quot;:&quot;0&quot;,&quot;shutter_speed&quot;:&quot;0&quot;,&quot;title&quot;:&quot;&quot;,&quot;orientation&quot;:&quot;0&quot;}\" data-image-title=\"1534282087409_pastedImage\" data-image-description=\"\" data-image-caption=\"\" data-large-file=\"https:\/\/eldiariodesanpedro.com.ar\/sitio\/wp-content\/uploads\/2018\/08\/1534282087409_pastedImage.png\" data-src=\"https:\/\/eldiariodesanpedro.com.ar\/sitio\/wp-content\/uploads\/2018\/08\/1534282087409_pastedImage.png\" alt=\"\" width=\"801\" height=\"425\" class=\"alignnone size-full wp-image-38370 lazyload\" data-srcset=\"https:\/\/eldiariodesanpedro.com.ar\/sitio\/wp-content\/uploads\/2018\/08\/1534282087409_pastedImage.png 801w, https:\/\/eldiariodesanpedro.com.ar\/sitio\/wp-content\/uploads\/2018\/08\/1534282087409_pastedImage-300x159.png 300w, https:\/\/eldiariodesanpedro.com.ar\/sitio\/wp-content\/uploads\/2018\/08\/1534282087409_pastedImage-768x407.png 768w, https:\/\/eldiariodesanpedro.com.ar\/sitio\/wp-content\/uploads\/2018\/08\/1534282087409_pastedImage-800x425.png 800w\" data-sizes=\"(max-width: 801px) 100vw, 801px\" src=\"data:image\/svg+xml;base64,PHN2ZyB3aWR0aD0iMSIgaGVpZ2h0PSIxIiB4bWxucz0iaHR0cDovL3d3dy53My5vcmcvMjAwMC9zdmciPjwvc3ZnPg==\" style=\"--smush-placeholder-width: 801px; --smush-placeholder-aspect-ratio: 801\/425;\" \/><\/p>\n","protected":false},"excerpt":{"rendered":"<p>El Intendente Cecilio Salazar particip\u00f3 este lunes 13 de Agosto de una jornada sobre la Ley de Integraci\u00f3n Urbana en el Auditorio de la C\u00e1mara de Diputados. Fue un encuentro con instituciones legisladores y funcionarios en el que panelistas del sector p\u00fablico y de organizaciones que trabajan en la Ley de Regularizaci\u00f3n Dominial expusieron con [&hellip;]<\/p>\n","protected":false},"author":4,"featured_media":38367,"comment_status":"open","ping_status":"closed","sticky":false,"template":"","format":"standard","meta":{"om_disable_all_campaigns":false,"_jetpack_memberships_contains_paid_content":false,"footnotes":""},"categories":[2,102],"tags":[],"class_list":["post-38366","post","type-post","status-publish","format-standard","has-post-thumbnail","hentry","category-locales","category-politica-locales"],"aioseo_notices":[],"gutentor_comment":0,"jetpack_featured_media_url":"https:\/\/eldiariodesanpedro.com.ar\/sitio\/wp-content\/uploads\/2018\/08\/pastedImage-4.png","jetpack_shortlink":"https:\/\/wp.me\/p6RhLt-9YO","jetpack_sharing_enabled":true,"_links":{"self":[{"href":"https:\/\/eldiariodesanpedro.com.ar\/sitio\/wp-json\/wp\/v2\/posts\/38366","targetHints":{"allow":["GET"]}}],"collection":[{"href":"https:\/\/eldiariodesanpedro.com.ar\/sitio\/wp-json\/wp\/v2\/posts"}],"about":[{"href":"https:\/\/eldiariodesanpedro.com.ar\/sitio\/wp-json\/wp\/v2\/types\/post"}],"author":[{"embeddable":true,"href":"https:\/\/eldiariodesanpedro.com.ar\/sitio\/wp-json\/wp\/v2\/users\/4"}],"replies":[{"embeddable":true,"href":"https:\/\/eldiariodesanpedro.com.ar\/sitio\/wp-json\/wp\/v2\/comments?post=38366"}],"version-history":[{"count":3,"href":"https:\/\/eldiariodesanpedro.com.ar\/sitio\/wp-json\/wp\/v2\/posts\/38366\/revisions"}],"predecessor-version":[{"id":38371,"href":"https:\/\/eldiariodesanpedro.com.ar\/sitio\/wp-json\/wp\/v2\/posts\/38366\/revisions\/38371"}],"wp:featuredmedia":[{"embeddable":true,"href":"https:\/\/eldiariodesanpedro.com.ar\/sitio\/wp-json\/wp\/v2\/media\/38367"}],"wp:attachment":[{"href":"https:\/\/eldiariodesanpedro.com.ar\/sitio\/wp-json\/wp\/v2\/media?parent=38366"}],"wp:term":[{"taxonomy":"category","embeddable":true,"href":"https:\/\/eldiariodesanpedro.com.ar\/sitio\/wp-json\/wp\/v2\/categories?post=38366"},{"taxonomy":"post_tag","embeddable":true,"href":"https:\/\/eldiariodesanpedro.com.ar\/sitio\/wp-json\/wp\/v2\/tags?post=38366"}],"curies":[{"name":"wp","href":"https:\/\/api.w.org\/{rel}","templated":true}]}}