{"id":38361,"date":"2018-08-14T17:28:36","date_gmt":"2018-08-14T20:28:36","guid":{"rendered":"https:\/\/eldiariodesanpedro.com.ar\/sitio\/?p=38361"},"modified":"2018-08-14T17:28:36","modified_gmt":"2018-08-14T20:28:36","slug":"dos-motocicletas-colisionaron-en-boulevard-moreno","status":"publish","type":"post","link":"https:\/\/eldiariodesanpedro.com.ar\/sitio\/dos-motocicletas-colisionaron-en-boulevard-moreno\/","title":{"rendered":"Dos motocicletas colisionaron en Boulevard Moreno"},"content":{"rendered":"<p><!-- VideographyWP Plugin Message: Automatic video embedding prevented by plugin options. --><br \/>\nEn la tarde del martes alrededor de las 17 hs se produjo un accidente de tr\u00e1nsito en la esquina de Las Provincias y Boulevard Moreno donde en esta oportunidad dos motocicletas colisionaron, en la primera una Gilera Smash 110 cc circulaba un masculino de alrededor de 25 a\u00f1os y en la otra motocicleta marca Zanella 110 cc color negra era conducida por una mujer joven con su peque\u00f1a hija de alrededor de 3 a\u00f1os. <\/p>\n<p>Como consecuencia fueron trasladados los 3 individuos al nosocomio local, las dos femeninas resultaron afortunadamente con solo laceraciones, por su parte el otro conductor result\u00f3 tambi\u00e9n con heridas leves.  <\/p>\n","protected":false},"excerpt":{"rendered":"<p>En la tarde del martes alrededor de las 17 hs se produjo un accidente de tr\u00e1nsito en la esquina de Las Provincias y Boulevard Moreno donde en esta oportunidad dos motocicletas colisionaron, en la primera una Gilera Smash 110 cc circulaba un masculino de alrededor de 25 a\u00f1os y en la otra motocicleta marca Zanella [&hellip;]<\/p>\n","protected":false},"author":4,"featured_media":38363,"comment_status":"open","ping_status":"closed","sticky":false,"template":"","format":"standard","meta":{"om_disable_all_campaigns":false,"_jetpack_memberships_contains_paid_content":false,"footnotes":""},"categories":[2,103],"tags":[],"class_list":["post-38361","post","type-post","status-publish","format-standard","has-post-thumbnail","hentry","category-locales","category-policiales-locales"],"aioseo_notices":[],"gutentor_comment":0,"jetpack_featured_media_url":"https:\/\/eldiariodesanpedro.com.ar\/sitio\/wp-content\/uploads\/2018\/08\/20180814_170236-e1534278450332.jpg","jetpack_shortlink":"https:\/\/wp.me\/p6RhLt-9YJ","jetpack_sharing_enabled":true,"_links":{"self":[{"href":"https:\/\/eldiariodesanpedro.com.ar\/sitio\/wp-json\/wp\/v2\/posts\/38361","targetHints":{"allow":["GET"]}}],"collection":[{"href":"https:\/\/eldiariodesanpedro.com.ar\/sitio\/wp-json\/wp\/v2\/posts"}],"about":[{"href":"https:\/\/eldiariodesanpedro.com.ar\/sitio\/wp-json\/wp\/v2\/types\/post"}],"author":[{"embeddable":true,"href":"https:\/\/eldiariodesanpedro.com.ar\/sitio\/wp-json\/wp\/v2\/users\/4"}],"replies":[{"embeddable":true,"href":"https:\/\/eldiariodesanpedro.com.ar\/sitio\/wp-json\/wp\/v2\/comments?post=38361"}],"version-history":[{"count":1,"href":"https:\/\/eldiariodesanpedro.com.ar\/sitio\/wp-json\/wp\/v2\/posts\/38361\/revisions"}],"predecessor-version":[{"id":38364,"href":"https:\/\/eldiariodesanpedro.com.ar\/sitio\/wp-json\/wp\/v2\/posts\/38361\/revisions\/38364"}],"wp:featuredmedia":[{"embeddable":true,"href":"https:\/\/eldiariodesanpedro.com.ar\/sitio\/wp-json\/wp\/v2\/media\/38363"}],"wp:attachment":[{"href":"https:\/\/eldiariodesanpedro.com.ar\/sitio\/wp-json\/wp\/v2\/media?parent=38361"}],"wp:term":[{"taxonomy":"category","embeddable":true,"href":"https:\/\/eldiariodesanpedro.com.ar\/sitio\/wp-json\/wp\/v2\/categories?post=38361"},{"taxonomy":"post_tag","embeddable":true,"href":"https:\/\/eldiariodesanpedro.com.ar\/sitio\/wp-json\/wp\/v2\/tags?post=38361"}],"curies":[{"name":"wp","href":"https:\/\/api.w.org\/{rel}","templated":true}]}}