{"id":38358,"date":"2018-08-14T16:54:37","date_gmt":"2018-08-14T19:54:37","guid":{"rendered":"https:\/\/eldiariodesanpedro.com.ar\/sitio\/?p=38358"},"modified":"2018-08-14T16:54:37","modified_gmt":"2018-08-14T19:54:37","slug":"inta-san-pedro-curso-de-formacion-de-biosolarizadores","status":"publish","type":"post","link":"https:\/\/eldiariodesanpedro.com.ar\/sitio\/inta-san-pedro-curso-de-formacion-de-biosolarizadores\/","title":{"rendered":"INTA SAN PEDRO: Curso de formaci\u00f3n de biosolarizadores"},"content":{"rendered":"<p><!-- VideographyWP Plugin Message: Automatic video embedding prevented by plugin options. --><br \/>\nEl 28 de agosto se realizar\u00e1 la primera parte del curso que propone introducir para la implementaci\u00f3n de casos concretos de biosolarizaci\u00f3n en cultivos hort\u00edcolas intensivos. Es una t\u00e9cnica que busca aportar sanidad  a los cultivos tratando el suelo s\u00f3lo con energ\u00eda solar y enmiendas org\u00e1nicas como biofumigantes. Despu\u00e9s de 15 a\u00f1os de investigaci\u00f3n y con productores que la han implementado, es momento de multiplicarla y esta capacitaci\u00f3n propone planificarla en casos concretos de los participantes. <\/p>\n<p>El evento est\u00e1 destinado a horticultores, profesionales y estudiantes que se especialicen en horticultura. La biosolarizaci\u00f3n es una pr\u00e1ctica que permite manejar la sanidad del cultivo a trav\u00e9s del uso combinado de la energ\u00eda solar y los gases que emanan de la descomposici\u00f3n de la materia org\u00e1nica . Es una t\u00e9cnica que permite minimizar el uso de plaguicidas y reciclar  los residuos de cosecha aprovechando los nutrientes. Los efectos ben\u00e9ficos del aporte de materia org\u00e1nica al suelo, redunda en su calidad y la de los cultivos. Su  implementaci\u00f3n requiere de una correcta planificaci\u00f3n del uso de los lotes y del material biofumigante.<\/p>\n<p>Partir de un caso real y que el INTA acompa\u00f1e en la implementaci\u00f3n.<br \/>\nEl curso es una oportunidad para aquellos que quieren innovar en sus pr\u00e1cticas hort\u00edcolas, en la b\u00fasqueda de la alta eficiencia productiva, con la posibilidad de hacerlo con el acompa\u00f1amiento del INTA. Para ello se los invita a partir de un an\u00e1lisis de la poblaci\u00f3n de microorganismos del suelo, y conocer las limitantes que afectan a sus cultivos, para compartir en el taller que propone el encuentro junto a quienes vienen implementando la biofumigaci\u00f3n desde hace a\u00f1os. Si est\u00e1s interesado en esta opci\u00f3n, pod\u00e9s escribir a mitidieri.mariel@inta.gob.ar para que te explique c\u00f3mo hacerlo.<\/p>\n<p>Programa.<br \/>\nBiosolarizaci\u00f3n. Fundamentos de la t\u00e9cnica. Mariel Midieri (Investigadora INTA San Pedro)<br \/>\nBiosolarizaci\u00f3n, la experiencia del productor. Nestor Paolinelli (Horticultor Z\u00e1rate),  Gabriel Petrella (Huertero San Nicol\u00e1s), Walter y Gabriel Balustro (Viveristas San Pedro)<br \/>\nExposici\u00f3n de casos participantes \u00bfD\u00f3nde aplicar\u00eda la biosolarizaci\u00f3n? \u00bfQu\u00e9 problemas justifican la medida?<br \/>\nDemostraci\u00f3n en laboratorio de fitopatolog\u00eda. An\u00e1lisis de la poblaci\u00f3n de pat\u00f3genos del suelo en muestras de tierra biosolarizada. (Virginia Brambilla, Mart\u00edn Barbieri y Estela Piris)<br \/>\nTaller planificaci\u00f3n de biosolarizaci\u00f3n, trabajo en grupo. \u00bfEn qu\u00e9 mes y durante cu\u00e1nto tiempo podr\u00e9 realizar el tratamientos? \u00bfCon qu\u00e9 biofumigante?<\/p>\n<p>Para m\u00e1s informaci\u00f3n:<br \/>\nMariel Mitidieri &#8211; mitidieri.mariel@inta.gob.ar  +54 9 11 6999-8824<\/p>\n<p>Detalles:<br \/>\nEEA San Pedro, Ruta Nacional 9, km 170<br \/>\nPrimer encuentro: 28 de agosto de 2018, 8 a 16 hs<br \/>\nSegundo encuentro: marzo de 2019<\/p>\n","protected":false},"excerpt":{"rendered":"<p>El 28 de agosto se realizar\u00e1 la primera parte del curso que propone introducir para la implementaci\u00f3n de casos concretos de biosolarizaci\u00f3n en cultivos hort\u00edcolas intensivos. Es una t\u00e9cnica que busca aportar sanidad a los cultivos tratando el suelo s\u00f3lo con energ\u00eda solar y enmiendas org\u00e1nicas como biofumigantes. Despu\u00e9s de 15 a\u00f1os de investigaci\u00f3n y [&hellip;]<\/p>\n","protected":false},"author":4,"featured_media":38359,"comment_status":"open","ping_status":"closed","sticky":false,"template":"","format":"standard","meta":{"om_disable_all_campaigns":false,"_jetpack_memberships_contains_paid_content":false,"footnotes":""},"categories":[101,2],"tags":[],"class_list":["post-38358","post","type-post","status-publish","format-standard","has-post-thumbnail","hentry","category-interes-general-locales","category-locales"],"aioseo_notices":[],"gutentor_comment":0,"jetpack_featured_media_url":"https:\/\/eldiariodesanpedro.com.ar\/sitio\/wp-content\/uploads\/2018\/08\/unnamed.png","jetpack_shortlink":"https:\/\/wp.me\/p6RhLt-9YG","jetpack_sharing_enabled":true,"_links":{"self":[{"href":"https:\/\/eldiariodesanpedro.com.ar\/sitio\/wp-json\/wp\/v2\/posts\/38358","targetHints":{"allow":["GET"]}}],"collection":[{"href":"https:\/\/eldiariodesanpedro.com.ar\/sitio\/wp-json\/wp\/v2\/posts"}],"about":[{"href":"https:\/\/eldiariodesanpedro.com.ar\/sitio\/wp-json\/wp\/v2\/types\/post"}],"author":[{"embeddable":true,"href":"https:\/\/eldiariodesanpedro.com.ar\/sitio\/wp-json\/wp\/v2\/users\/4"}],"replies":[{"embeddable":true,"href":"https:\/\/eldiariodesanpedro.com.ar\/sitio\/wp-json\/wp\/v2\/comments?post=38358"}],"version-history":[{"count":1,"href":"https:\/\/eldiariodesanpedro.com.ar\/sitio\/wp-json\/wp\/v2\/posts\/38358\/revisions"}],"predecessor-version":[{"id":38360,"href":"https:\/\/eldiariodesanpedro.com.ar\/sitio\/wp-json\/wp\/v2\/posts\/38358\/revisions\/38360"}],"wp:featuredmedia":[{"embeddable":true,"href":"https:\/\/eldiariodesanpedro.com.ar\/sitio\/wp-json\/wp\/v2\/media\/38359"}],"wp:attachment":[{"href":"https:\/\/eldiariodesanpedro.com.ar\/sitio\/wp-json\/wp\/v2\/media?parent=38358"}],"wp:term":[{"taxonomy":"category","embeddable":true,"href":"https:\/\/eldiariodesanpedro.com.ar\/sitio\/wp-json\/wp\/v2\/categories?post=38358"},{"taxonomy":"post_tag","embeddable":true,"href":"https:\/\/eldiariodesanpedro.com.ar\/sitio\/wp-json\/wp\/v2\/tags?post=38358"}],"curies":[{"name":"wp","href":"https:\/\/api.w.org\/{rel}","templated":true}]}}