{"id":38355,"date":"2018-08-14T16:48:59","date_gmt":"2018-08-14T19:48:59","guid":{"rendered":"https:\/\/eldiariodesanpedro.com.ar\/sitio\/?p=38355"},"modified":"2018-08-14T16:48:59","modified_gmt":"2018-08-14T19:48:59","slug":"el-museo-paleontologico-de-san-pedro-participara-de-un-proyecto-internacional","status":"publish","type":"post","link":"https:\/\/eldiariodesanpedro.com.ar\/sitio\/el-museo-paleontologico-de-san-pedro-participara-de-un-proyecto-internacional\/","title":{"rendered":"El Museo Paleontol\u00f3gico de San Pedro participar\u00e1 de un proyecto internacional"},"content":{"rendered":"<p><!-- VideographyWP Plugin Message: Automatic video embedding prevented by plugin options. --><br \/>\nEl pasado lunes 13, integrantes del Grupo Conservacionista de F\u00f3siles, equipo del Museo Paleontol\u00f3gico de San Pedro, recibieron la visita de una delegaci\u00f3n de diferentes profesionales vinculados a la paleontolog\u00eda y la geolog\u00eda. Su llegada a San Pedro tuvo como principal objetivo conocer la colecci\u00f3n del museo y el yacimiento de Campo Sp\u00f3sito, ya que ciertos f\u00f3siles recuperados por el grupo y el sitio descubierto en 2001, participar\u00e1n de un proyecto internacional que abordar\u00e1 el estudio de los cambios clim\u00e1ticos y faun\u00edsticos ocurridos durante el Cuaternario.<\/p>\n<p>El estudio, se desarrollar\u00e1 en diferentes puntos de Europa y de nuestro pa\u00eds. En Espa\u00f1a, en las localidades de Atapuerca, \u00c1ridos y Torralba; y en Francia, en L\u00b4Arago, entre otras. En Argentina, en sitios de Olavarr\u00eda, Bah\u00eda Blanca, Tres Arroyos y San Pedro, entre otros.<\/p>\n<p>Jos\u00e9 Luis Aguilar y Julio Simonini, del Grupo Conservacionista de nuestra ciudad, fueron quienes recibieron al Prof. Lic. Jos\u00e9 Luis Prado (Instituto de Investigaciones Arqueol\u00f3gicas y Paleontol\u00f3gicas del Cuaternario Pampeano-Olavarr\u00eda), la investigadora Yolanda Fern\u00e1ndez-Jalvo (Museo de Ciencias Naturales de Madrid-Espa\u00f1a), Germ\u00e1n Gasparini (Divisi\u00f3n Paleontolog\u00eda de Vertebrados-Museo de La Plata), Rodrigo Tomassini (Instituto Geol\u00f3gico del Sur-Bah\u00eda Blanca), Elisa Beilinson (Centro de Investigaciones Geol\u00f3gicas-La Plata) y Ricardo Bonini (INCUAPA-Olavarr\u00eda)<\/p>\n<p>El proyecto que se pone en marcha pretende analizar cuatro cambios clim\u00e1ticos ocurridos durante el \u00faltimo mill\u00f3n de a\u00f1os, observar los cambios en las faunas americanas y europeas, las modificaciones de h\u00e1bitats y proponer modelos clim\u00e1ticos que puedan aportar al desarrollo de modelos actuales que est\u00e9n analizando el clima mundial.<\/p>\n<p>Los visitantes recorrieron Campo Sp\u00f3sito junto al equipo del Museo Paleontol\u00f3gico y gracias a la amabilidad de la familia propietaria del lugar, observando su riqueza fosil\u00edfera y efectuando las primeras consideraciones sobre el perfil de capas sedimentarias que all\u00ed aparece. Tareas futuras incluir\u00e1n el fechado de sedimentos y de ciertos f\u00f3siles con m\u00e9todos modernos de dataci\u00f3n que sumar\u00e1n datos a los materiales descubiertos en la zona que participar\u00e1n del proyecto. <\/p>\n","protected":false},"excerpt":{"rendered":"<p>El pasado lunes 13, integrantes del Grupo Conservacionista de F\u00f3siles, equipo del Museo Paleontol\u00f3gico de San Pedro, recibieron la visita de una delegaci\u00f3n de diferentes profesionales vinculados a la paleontolog\u00eda y la geolog\u00eda. Su llegada a San Pedro tuvo como principal objetivo conocer la colecci\u00f3n del museo y el yacimiento de Campo Sp\u00f3sito, ya que [&hellip;]<\/p>\n","protected":false},"author":4,"featured_media":38356,"comment_status":"open","ping_status":"closed","sticky":false,"template":"","format":"standard","meta":{"om_disable_all_campaigns":false,"_jetpack_memberships_contains_paid_content":false,"footnotes":""},"categories":[101,2],"tags":[],"class_list":["post-38355","post","type-post","status-publish","format-standard","has-post-thumbnail","hentry","category-interes-general-locales","category-locales"],"aioseo_notices":[],"gutentor_comment":0,"jetpack_featured_media_url":"https:\/\/eldiariodesanpedro.com.ar\/sitio\/wp-content\/uploads\/2018\/08\/SP\u00d3SITO-13-AGO.jpg","jetpack_shortlink":"https:\/\/wp.me\/p6RhLt-9YD","jetpack_sharing_enabled":true,"_links":{"self":[{"href":"https:\/\/eldiariodesanpedro.com.ar\/sitio\/wp-json\/wp\/v2\/posts\/38355","targetHints":{"allow":["GET"]}}],"collection":[{"href":"https:\/\/eldiariodesanpedro.com.ar\/sitio\/wp-json\/wp\/v2\/posts"}],"about":[{"href":"https:\/\/eldiariodesanpedro.com.ar\/sitio\/wp-json\/wp\/v2\/types\/post"}],"author":[{"embeddable":true,"href":"https:\/\/eldiariodesanpedro.com.ar\/sitio\/wp-json\/wp\/v2\/users\/4"}],"replies":[{"embeddable":true,"href":"https:\/\/eldiariodesanpedro.com.ar\/sitio\/wp-json\/wp\/v2\/comments?post=38355"}],"version-history":[{"count":1,"href":"https:\/\/eldiariodesanpedro.com.ar\/sitio\/wp-json\/wp\/v2\/posts\/38355\/revisions"}],"predecessor-version":[{"id":38357,"href":"https:\/\/eldiariodesanpedro.com.ar\/sitio\/wp-json\/wp\/v2\/posts\/38355\/revisions\/38357"}],"wp:featuredmedia":[{"embeddable":true,"href":"https:\/\/eldiariodesanpedro.com.ar\/sitio\/wp-json\/wp\/v2\/media\/38356"}],"wp:attachment":[{"href":"https:\/\/eldiariodesanpedro.com.ar\/sitio\/wp-json\/wp\/v2\/media?parent=38355"}],"wp:term":[{"taxonomy":"category","embeddable":true,"href":"https:\/\/eldiariodesanpedro.com.ar\/sitio\/wp-json\/wp\/v2\/categories?post=38355"},{"taxonomy":"post_tag","embeddable":true,"href":"https:\/\/eldiariodesanpedro.com.ar\/sitio\/wp-json\/wp\/v2\/tags?post=38355"}],"curies":[{"name":"wp","href":"https:\/\/api.w.org\/{rel}","templated":true}]}}