{"id":38352,"date":"2018-08-14T16:44:19","date_gmt":"2018-08-14T19:44:19","guid":{"rendered":"https:\/\/eldiariodesanpedro.com.ar\/sitio\/?p=38352"},"modified":"2018-08-14T16:44:19","modified_gmt":"2018-08-14T19:44:19","slug":"pergamino-tenia-libertad-condicional-tras-abusar-a-una-de-sus-hijas-salio-violo-a-otra-y-la-embarazo","status":"publish","type":"post","link":"https:\/\/eldiariodesanpedro.com.ar\/sitio\/pergamino-tenia-libertad-condicional-tras-abusar-a-una-de-sus-hijas-salio-violo-a-otra-y-la-embarazo\/","title":{"rendered":"PERGAMINO: Ten\u00eda libertad condicional tras abusar a una de sus hijas. Sali\u00f3, viol\u00f3 a otra y la embaraz\u00f3"},"content":{"rendered":"<p><!-- VideographyWP Plugin Message: Automatic video embedding prevented by plugin options. --><br \/>\nEn el segundo caso, la sed\u00f3 para cometer el abuso y comenz\u00f3 a amenazarla para que no hable. Sufri\u00f3 un aborto espont\u00e1neo e hizo la denuncia.<\/p>\n<p>Un hombre de Plaza Huincul, Neuqu\u00e9n, reconoci\u00f3 que viol\u00f3 y embaraz\u00f3 a una de sus hijas mientras estaba con libertad condicional por haber abusado de otra de sus hijas. De este modo evit\u00f3 ir a juicio por jurado.<\/p>\n<p>El abusador hab\u00eda sido condenado a ocho a\u00f1os por el primer caso y a principios de 2017 qued\u00f3 en libertad. Pero en noviembre sed\u00f3 a su hija de 17 a\u00f1os, la viol\u00f3 y la dej\u00f3 embarazada. De acuerdo con lo que inform\u00f3 el Ministerio P\u00fablico Fiscal, luego del ataque comenz\u00f3 a amenazarla por tel\u00e9fono para que no hable.<\/p>\n<p>Seg\u00fan fuentes del caso que cita LMNeuqu\u00e9n, el segundo caso fue denunciado a principios de este a\u00f1o, luego de que la chica sufri\u00f3 un aborto espont\u00e1neo.<\/p>\n<p>Este jueves, el fiscal Gast\u00f3n Liotard, la defensora de los derechos del Ni\u00f1o y el Adolescente y el abogado del acusado llegaron a un acuerdo y el sujeto se declar\u00f3 penalmente responsable.<\/p>\n<p>La pena que deber\u00e1 cumplir se resolver\u00e1 en una audiencia de determinaci\u00f3n de pena en los pr\u00f3ximos d\u00edas y podr\u00eda superar los 10 a\u00f1os por tratarse de un reincidente y volvi\u00f3 a la prisi\u00f3n preventiva.<\/p>\n<p>Fuente: Pergamino Verdad<\/p>\n","protected":false},"excerpt":{"rendered":"<p>En el segundo caso, la sed\u00f3 para cometer el abuso y comenz\u00f3 a amenazarla para que no hable. Sufri\u00f3 un aborto espont\u00e1neo e hizo la denuncia. Un hombre de Plaza Huincul, Neuqu\u00e9n, reconoci\u00f3 que viol\u00f3 y embaraz\u00f3 a una de sus hijas mientras estaba con libertad condicional por haber abusado de otra de sus hijas. [&hellip;]<\/p>\n","protected":false},"author":4,"featured_media":38353,"comment_status":"open","ping_status":"closed","sticky":false,"template":"","format":"standard","meta":{"om_disable_all_campaigns":false,"_jetpack_memberships_contains_paid_content":false,"footnotes":""},"categories":[621],"tags":[],"class_list":["post-38352","post","type-post","status-publish","format-standard","has-post-thumbnail","hentry","category-regionales"],"aioseo_notices":[],"gutentor_comment":0,"jetpack_featured_media_url":"https:\/\/eldiariodesanpedro.com.ar\/sitio\/wp-content\/uploads\/2018\/08\/0028419241.jpg","jetpack_shortlink":"https:\/\/wp.me\/p6RhLt-9YA","jetpack_sharing_enabled":true,"_links":{"self":[{"href":"https:\/\/eldiariodesanpedro.com.ar\/sitio\/wp-json\/wp\/v2\/posts\/38352","targetHints":{"allow":["GET"]}}],"collection":[{"href":"https:\/\/eldiariodesanpedro.com.ar\/sitio\/wp-json\/wp\/v2\/posts"}],"about":[{"href":"https:\/\/eldiariodesanpedro.com.ar\/sitio\/wp-json\/wp\/v2\/types\/post"}],"author":[{"embeddable":true,"href":"https:\/\/eldiariodesanpedro.com.ar\/sitio\/wp-json\/wp\/v2\/users\/4"}],"replies":[{"embeddable":true,"href":"https:\/\/eldiariodesanpedro.com.ar\/sitio\/wp-json\/wp\/v2\/comments?post=38352"}],"version-history":[{"count":1,"href":"https:\/\/eldiariodesanpedro.com.ar\/sitio\/wp-json\/wp\/v2\/posts\/38352\/revisions"}],"predecessor-version":[{"id":38354,"href":"https:\/\/eldiariodesanpedro.com.ar\/sitio\/wp-json\/wp\/v2\/posts\/38352\/revisions\/38354"}],"wp:featuredmedia":[{"embeddable":true,"href":"https:\/\/eldiariodesanpedro.com.ar\/sitio\/wp-json\/wp\/v2\/media\/38353"}],"wp:attachment":[{"href":"https:\/\/eldiariodesanpedro.com.ar\/sitio\/wp-json\/wp\/v2\/media?parent=38352"}],"wp:term":[{"taxonomy":"category","embeddable":true,"href":"https:\/\/eldiariodesanpedro.com.ar\/sitio\/wp-json\/wp\/v2\/categories?post=38352"},{"taxonomy":"post_tag","embeddable":true,"href":"https:\/\/eldiariodesanpedro.com.ar\/sitio\/wp-json\/wp\/v2\/tags?post=38352"}],"curies":[{"name":"wp","href":"https:\/\/api.w.org\/{rel}","templated":true}]}}